{"id":446088,"date":"2025-10-07T23:11:15","date_gmt":"2025-10-07T23:11:15","guid":{"rendered":"https:\/\/www.europesays.com\/fr\/446088\/"},"modified":"2025-10-07T23:11:15","modified_gmt":"2025-10-07T23:11:15","slug":"des-jeunes-interpelles-dans-des-vehicules-voles-a-six-fours-ce-week-end","status":"publish","type":"post","link":"https:\/\/www.europesays.com\/fr\/446088\/","title":{"rendered":"Des jeunes interpell\u00e9s dans des v\u00e9hicules vol\u00e9s \u00e0 Six-Fours ce week-end"},"content":{"rendered":"<p class=\"fs-5 \">A son bord, deux jeunes hommes, de 18 et 20 ans, qui consomment de la vodka. Il s\u2019av\u00e8re que le v\u00e9hicule a \u00e9t\u00e9 d\u00e9clar\u00e9 vol\u00e9 le 1er octobre, \u00e0 La Seyne. Le conducteur nie \u00eatre au courant et d\u00e9clare l\u2019avoir achet\u00e9 \u00e0 une connaissance\u2026 dont il ne conna\u00eet pas le nom.<\/p>\n<p class=\"fs-5 \">Il a toutefois \u00e9t\u00e9 d\u00e9f\u00e9r\u00e9 \u00e0 l\u2019issue de sa garde \u00e0 vue et sera jug\u00e9 prochainement pour recel de vol et conduite sous l&#8217;empire d&rsquo;un \u00e9tat alcoolique (0.8mg d&rsquo;alcool par litre de sang au moment des faits) dans le cadre d\u2019une comparution sur reconnaissance pr\u00e9alable de culpabilit\u00e9. Le passager a \u00e9t\u00e9 mis hors de cause.<\/p>\n<p class=\"fs-5 \"><strong>En \u00e9pave dans une r\u00e9sidence<\/strong><\/p>\n<p class=\"fs-5 \">Sur la m\u00eame commune, mais dans la nuit de dimanche \u00e0 lundi, deux jeunes sont contr\u00f4l\u00e9s, toujours par la Bac de La Seyne, sur le parking d&rsquo;une r\u00e9sidence, avenue Joseph-Raynaud, \u00e0 bord d&rsquo;un v\u00e9hicule-\u00e9pave. Ils sont en train de consommer un joint. Le v\u00e9hicule est signal\u00e9 vol\u00e9 depuis avril 2025 sur la commune des Arcs.<\/p>\n<p class=\"fs-5 \">Les jeunes gens pr\u00e9tendent ignorer qu&rsquo;il s&rsquo;agit d&rsquo;un v\u00e9hicule vol\u00e9, ce dernier \u00e9tant non roulant et \u00e9tant occup\u00e9 par de nombreux jeunes venant s&rsquo;y retrouver r\u00e9guli\u00e8rement. La pr\u00e9sence des deux comp\u00e8res sur le lieu du vol \u00e0 l&rsquo;\u00e9poque des faits n&rsquo;\u00e9tant pas d\u00e9montrable, cette responsabilit\u00e9 ne peut leur \u00eatre imput\u00e9e. Ils ont \u00e9cop\u00e9 d&rsquo;une ordonnance p\u00e9nale pour la consommation de stup\u00e9fiants.<\/p>\n","protected":false},"excerpt":{"rendered":"A son bord, deux jeunes hommes, de 18 et 20 ans, qui consomment de la vodka. Il s\u2019av\u00e8re&hellip;\n","protected":false},"author":2,"featured_media":446089,"comment_status":"","ping_status":"","sticky":false,"template":"","format":"standard","meta":{"footnotes":""},"categories":[9619],"tags":[1111,11,1777,674,1011,27,12,882,25,2310],"class_list":{"0":"post-446088","1":"post","2":"type-post","3":"status-publish","4":"format-standard","5":"has-post-thumbnail","7":"category-toulon","8":"tag-actu","9":"tag-actualites","10":"tag-eu","11":"tag-europe","12":"tag-fr","13":"tag-france","14":"tag-news","15":"tag-provence-alpes-cote-dazur","16":"tag-republique-francaise","17":"tag-toulon"},"share_on_mastodon":{"url":"https:\/\/pubeurope.com\/@fr\/115335415987351823","error":""},"_links":{"self":[{"href":"https:\/\/www.europesays.com\/fr\/wp-json\/wp\/v2\/posts\/446088","targetHints":{"allow":["GET"]}}],"collection":[{"href":"https:\/\/www.europesays.com\/fr\/wp-json\/wp\/v2\/posts"}],"about":[{"href":"https:\/\/www.europesays.com\/fr\/wp-json\/wp\/v2\/types\/post"}],"author":[{"embeddable":true,"href":"https:\/\/www.europesays.com\/fr\/wp-json\/wp\/v2\/users\/2"}],"replies":[{"embeddable":true,"href":"https:\/\/www.europesays.com\/fr\/wp-json\/wp\/v2\/comments?post=446088"}],"version-history":[{"count":0,"href":"https:\/\/www.europesays.com\/fr\/wp-json\/wp\/v2\/posts\/446088\/revisions"}],"wp:featuredmedia":[{"embeddable":true,"href":"https:\/\/www.europesays.com\/fr\/wp-json\/wp\/v2\/media\/446089"}],"wp:attachment":[{"href":"https:\/\/www.europesays.com\/fr\/wp-json\/wp\/v2\/media?parent=446088"}],"wp:term":[{"taxonomy":"category","embeddable":true,"href":"https:\/\/www.europesays.com\/fr\/wp-json\/wp\/v2\/categories?post=446088"},{"taxonomy":"post_tag","embeddable":true,"href":"https:\/\/www.europesays.com\/fr\/wp-json\/wp\/v2\/tags?post=446088"}],"curies":[{"name":"wp","href":"https:\/\/api.w.org\/{rel}","templated":true}]}}