{"id":446099,"date":"2025-10-07T23:18:43","date_gmt":"2025-10-07T23:18:43","guid":{"rendered":"https:\/\/www.europesays.com\/fr\/446099\/"},"modified":"2025-10-07T23:18:43","modified_gmt":"2025-10-07T23:18:43","slug":"le-corps-sans-vie-dune-jeune-femme-decouvert-pres-dune-piste-cyclable","status":"publish","type":"post","link":"https:\/\/www.europesays.com\/fr\/446099\/","title":{"rendered":"Le corps sans vie d\u2019une jeune femme d\u00e9couvert pr\u00e8s d\u2019une piste cyclable"},"content":{"rendered":"<p>Deux passants ont fait une macabre d\u00e9couverte, dimanche dernier dans les rues de <a href=\"https:\/\/www.20minutes.fr\/grenoble\/\" class=\"c-link c-link--is-underlined\" target=\"_blank\" rel=\"noopener\">Grenoble<\/a> (Is\u00e8re). D\u2019apr\u00e8s nos confr\u00e8res de <a href=\"https:\/\/www.francebleu.fr\/emissions\/l-info-d-ici-a-7h30-ici-isere\/grenoble-le-corps-d-une-femme-retrouve-en-partie-devetu-le-long-d-une-piste-cyclable-6059617\" target=\"_blank\" class=\"c-link c-link--is-underlined\" rel=\"noopener\">France Bleu<\/a>, un livreur et un passant ont aper\u00e7u le <a href=\"https:\/\/www.20minutes.fr\/faits_divers\/4173672-20250917-reims-corps-vie-femme-non-identifiee-repeche-marne\" class=\"c-link c-link--is-underlined\" target=\"_blank\" rel=\"noopener\">corps d\u2019une femme<\/a>, \u00e2g\u00e9e d\u2019une trentaine d\u2019ann\u00e9es, rue commandant de Reynies. Le corps se situait tr\u00e8s exactement le long de la piste cyclable chrono v\u00e9lo 2 et \u00e9tait \u00e0 moiti\u00e9 cach\u00e9 par les buissons.<\/p>\n<p>Rapidement, ces derniers ont alert\u00e9 les pompiers ainsi que les forces de l\u2019ordre. D\u2019apr\u00e8s les premiers \u00e9l\u00e9ments de l\u2019enqu\u00eate, la victime a \u00e9t\u00e9 retrouv\u00e9e avec le pantalon baiss\u00e9 jusqu\u2019aux genoux.<\/p>\n<p>Aucune piste n\u2019est \u00e9cart\u00e9e par les enqu\u00eateurs<\/p>\n<p>Pour l\u2019heure, les enqu\u00eateurs envisagent la piste criminelle mais ne veulent pas balayer d\u2019autres pistes. La police se penche donc sur toutes les possibilit\u00e9s. La zone o\u00f9 la d\u00e9pouille a \u00e9t\u00e9 trouv\u00e9e a \u00e9t\u00e9 interdite pendant de nombreuses heures au public, indiquent nos confr\u00e8res. Aucune trace de violence n\u2019a \u00e9t\u00e9 constat\u00e9e \u00e0 proximit\u00e9 du corps.<\/p>\n<\/p>\n<p>Les m\u00e9decins l\u00e9gistes doivent proc\u00e9der \u00e0 l\u2019autopsie, ce lundi. La jeune femme a \u00e9t\u00e9 d\u00e9couverte pr\u00e8s d\u2019un tunnel situ\u00e9 sous le boulevard Mar\u00e9chal Foch, connu pour \u00eatre un lieu de prostitution.<\/p>\n","protected":false},"excerpt":{"rendered":"Deux passants ont fait une macabre d\u00e9couverte, dimanche dernier dans les rues de Grenoble (Is\u00e8re). D\u2019apr\u00e8s nos confr\u00e8res&hellip;\n","protected":false},"author":2,"featured_media":446100,"comment_status":"","ping_status":"","sticky":false,"template":"","format":"standard","meta":{"footnotes":""},"categories":[9566],"tags":[1111,47,11,2430,3983,1777,674,118,1011,27,2731,108,12,25,2431],"class_list":{"0":"post-446099","1":"post","2":"type-post","3":"status-publish","4":"format-standard","5":"has-post-thumbnail","7":"category-grenoble","8":"tag-actu","9":"tag-actualite","10":"tag-actualites","11":"tag-auvergne-rhone-alpes","12":"tag-deces","13":"tag-eu","14":"tag-europe","15":"tag-faits-divers","16":"tag-fr","17":"tag-france","18":"tag-grenoble","19":"tag-isere","20":"tag-news","21":"tag-republique-francaise","22":"tag-rhone-alpes"},"share_on_mastodon":{"url":"https:\/\/pubeurope.com\/@fr\/115335443424847590","error":""},"_links":{"self":[{"href":"https:\/\/www.europesays.com\/fr\/wp-json\/wp\/v2\/posts\/446099","targetHints":{"allow":["GET"]}}],"collection":[{"href":"https:\/\/www.europesays.com\/fr\/wp-json\/wp\/v2\/posts"}],"about":[{"href":"https:\/\/www.europesays.com\/fr\/wp-json\/wp\/v2\/types\/post"}],"author":[{"embeddable":true,"href":"https:\/\/www.europesays.com\/fr\/wp-json\/wp\/v2\/users\/2"}],"replies":[{"embeddable":true,"href":"https:\/\/www.europesays.com\/fr\/wp-json\/wp\/v2\/comments?post=446099"}],"version-history":[{"count":0,"href":"https:\/\/www.europesays.com\/fr\/wp-json\/wp\/v2\/posts\/446099\/revisions"}],"wp:featuredmedia":[{"embeddable":true,"href":"https:\/\/www.europesays.com\/fr\/wp-json\/wp\/v2\/media\/446100"}],"wp:attachment":[{"href":"https:\/\/www.europesays.com\/fr\/wp-json\/wp\/v2\/media?parent=446099"}],"wp:term":[{"taxonomy":"category","embeddable":true,"href":"https:\/\/www.europesays.com\/fr\/wp-json\/wp\/v2\/categories?post=446099"},{"taxonomy":"post_tag","embeddable":true,"href":"https:\/\/www.europesays.com\/fr\/wp-json\/wp\/v2\/tags?post=446099"}],"curies":[{"name":"wp","href":"https:\/\/api.w.org\/{rel}","templated":true}]}}