{"id":446108,"date":"2025-10-07T23:25:35","date_gmt":"2025-10-07T23:25:35","guid":{"rendered":"https:\/\/www.europesays.com\/fr\/446108\/"},"modified":"2025-10-07T23:25:35","modified_gmt":"2025-10-07T23:25:35","slug":"frayeur-a-laeroport-de-nice-cest-de-lordre-du-miracle-confie-un-controleur-aerien","status":"publish","type":"post","link":"https:\/\/www.europesays.com\/fr\/446108\/","title":{"rendered":"Frayeur \u00e0 l\u2019a\u00e9roport de Nice : \u00abC\u2019est de l\u2019ordre du miracle\u00bb, confie un contr\u00f4leur a\u00e9rien"},"content":{"rendered":"<p>Pascal* a tenu \u00e0 mettre les choses au clair. Plus de deux semaines apr\u00e8s le crash \u00e9vit\u00e9 de justesse \u00e0 l\u2019a\u00e9roport de Nice, l\u2019un <a href=\"https:\/\/www.capital.fr\/economie-politique\/des-militaires-a-la-place-des-controleurs-aeriens-la-proposition-choc-de-christian-estrosi-1519099\" target=\"_blank\" rel=\"noopener\">des contr\u00f4leurs a\u00e9riens<\/a> ni\u00e7ois a souhait\u00e9 r\u00e9tablir sa v\u00e9rit\u00e9 sur le d\u00e9roul\u00e9 des \u00e9v\u00e9nements. Le dimanche 21 septembre, un avion de Nouvelair, en train d&rsquo;atterrir, a fr\u00f4l\u00e9 \u00e0 \u00abtrois m\u00e8tres pr\u00e8s\u00bb celui d&rsquo;EasyJet \u00e0 destination de Nantes qui occupait d\u00e9j\u00e0 la piste 04R. Si les contr\u00f4leurs a\u00e9riens sont r\u00e9guli\u00e8rement cibl\u00e9s depuis cet incident, selon Pascal, c\u2019est<strong> la tour de contr\u00f4le<\/strong> qui a bien demand\u00e9 au pilote de Nouvelair de <strong>remettre les gaz<\/strong>, \u00e9vitant le drame, rapporte <a href=\"https:\/\/france3-regions.franceinfo.fr\/provence-alpes-cote-d-azur\/alpes-maritimes\/nice\/temoignage-exclusif-mon-collegue-lui-a-fait-remettre-les-gaz-un-controleur-aerien-nicois-revele-de-nouveaux-elements-sur-le-crash-evite-3228752.html\" target=\"_blank\" rel=\"noopener\">France 3 Provence-Alpes-C\u00f4te d\u2019Azur<\/a>.<\/p>\n<p>Depuis le 27 septembre, le Bureau d\u2019enqu\u00eates et d\u2019analyses pour la s\u00e9curit\u00e9 de l\u2019aviation civile (BEA) a confirm\u00e9 que le pilote de l&rsquo;avion Nouvelair s&rsquo;est bien tromp\u00e9 de <a href=\"https:\/\/www.capital.fr\/economie-politique\/easyjet-deux-avions-frolent-la-collision-a-bale-mulhouse-une-enquete-ouverte-1518198\" target=\"_blank\" rel=\"noopener\">piste d\u2019atterrissage<\/a>. Or, aucun autre \u00e9l\u00e9ment n\u2019a \u00e9t\u00e9 divulgu\u00e9 sur le d\u00e9roul\u00e9 de l\u2019incident jusqu\u2019\u00e0 pr\u00e9sent. Si Pascal ne travaillait pas ce soir-l\u00e0, il affirme que ses coll\u00e8gues ont <strong>donn\u00e9 la bonne information <\/strong>au pilote du vol provenant de Tunis avec une autorisation pour la piste 04L. L\u2019alarme s\u2019est alors d\u00e9clench\u00e9e pour pr\u00e9venir une erreur de piste \u00e0 l\u2019atterrissage.<\/p>\n<p>L\u2019intensit\u00e9 lumineuse des pistes est probl\u00e9matique<\/p>\n<p>Le contr\u00f4leur a\u00e9rien en poste ce jour-l\u00e0 aurait demand\u00e9<strong> une confirmation au pilote<\/strong>. Ce dernier lui a affirm\u00e9 viser la piste 04L, et non celle o\u00f9 l&rsquo;avion d&rsquo;EasyJet se pr\u00e9parait \u00e0 d\u00e9coller. \u00abL\u2019alarme persistant, c\u2019est l\u00e0 que mon coll\u00e8gue lui a fait remettre les gaz\u00bb, assure Pascal. \u00abJ\u2019ai pas l\u2019habitude de faire de catastrophisme, mais c\u2019est de l\u2019ordre du miracle\u00bb, avoue-t-il. Ce dernier reconna\u00eet que l\u2019explication de cet incident ne r\u00e9side pas uniquement dans cette inversion de piste.<\/p>\n<p>\u00abLes pilotes se plaignent depuis plus de six mois d\u2019une diff\u00e9rence d\u2019intensit\u00e9 lumineuse dans le balisage des pistes de Nice\u00bb, explique Pascal, alors que des \u00abcentaines d\u2019ampoules\u00bb seraient \u00e0 changer. Apr\u00e8s l\u2019incident, la compagnie Nouvelair avait communiqu\u00e9 sur des \u00abconditions m\u00e9t\u00e9orologiques particuli\u00e8rement difficiles\u00bb, ce que r\u00e9fute le contr\u00f4leur a\u00e9rien.<\/p>\n<p>Les contr\u00f4leurs a\u00e9riens en sous-effectif \u00e0 Nice<\/p>\n<p>Le pilote avait suivi \u00e0 la lettre<strong> la proc\u00e9dure d&rsquo;approche<\/strong> de l&rsquo;a\u00e9roport de Nice C\u00f4te d\u2019Azur, conduisant \u00e0 \u00e9viter le survol de Cannes et d&rsquo;Antibes pour \u00e9viter les nuisances a\u00e9riennes \u00abDe nuit, d\u00e9sormais, jusqu\u2019\u00e0 nouvel ordre, il n\u2019y aura pas cette proc\u00e9dure d\u2019\u00e9vitement des riverains de Cannes et Antibes\u00bb, pr\u00e9cise Pascal. \u00abLes riverains vont nous tomber dessus, on le sait d\u00e9j\u00e0, mais on n&rsquo;a pas le choix\u00bb, insiste-t-il.<\/p>\n<p>Pascal rappelle que ses \u00abcoll\u00e8gues ont super bien r\u00e9agi\u00bb, et souhaite mettre en avant <strong>le manque d\u2019effectif <\/strong>de sa profession au sein de l\u2019a\u00e9roport ni\u00e7ois.\u00a0\u00abLes contr\u00f4leurs a\u00e9riens sont \u00e9puis\u00e9s\u00bb, d\u00e9plore le professionnel m\u00eame s\u2019il estime que ce constat n\u2019est pas en lien avec l\u2018incident du 21 septembre. Ils ne sont que<strong> 72 au lieu des 90<\/strong> demand\u00e9s par l&rsquo;Etat sur cet a\u00e9roport.\u00a0Des recrutements sont en cours pour atteindre ce nombre de contr\u00f4leurs.<\/p>\n<p>*Le pr\u00e9nom a \u00e9t\u00e9 modifi\u00e9 pour garantir l&rsquo;anonymat des sources.<\/p>\n<p><a class=\"cta ctaInArticle lien-interne medium primary\" target=\"_blank\" href=\"https:\/\/www.capital.fr\/page\/indemnite-vols\" rel=\"noopener\"><br \/>\n\t\t\t &gt;&gt; Notre service &#8211; vol annul\u00e9 \/ retard\u00e9, \u00eates-vous \u00e9ligible \u00e0 une indemnisation ?\t<\/p>\n<p>\t<\/a><\/p>\n","protected":false},"excerpt":{"rendered":"Pascal* a tenu \u00e0 mettre les choses au clair. Plus de deux semaines apr\u00e8s le crash \u00e9vit\u00e9 de&hellip;\n","protected":false},"author":2,"featured_media":446109,"comment_status":"","ping_status":"","sticky":false,"template":"","format":"standard","meta":{"footnotes":""},"categories":[2819],"tags":[1111,11,31746,37,1777,674,1011,27,12,2401,882,25,21852],"class_list":{"0":"post-446108","1":"post","2":"type-post","3":"status-publish","4":"format-standard","5":"has-post-thumbnail","7":"category-nice","8":"tag-actu","9":"tag-actualites","10":"tag-au00e9roports","11":"tag-avion","12":"tag-eu","13":"tag-europe","14":"tag-fr","15":"tag-france","16":"tag-news","17":"tag-nice","18":"tag-provence-alpes-cote-dazur","19":"tag-republique-francaise","20":"tag-transport-au00e9rien"},"share_on_mastodon":{"url":"https:\/\/pubeurope.com\/@fr\/115335470954560701","error":""},"_links":{"self":[{"href":"https:\/\/www.europesays.com\/fr\/wp-json\/wp\/v2\/posts\/446108","targetHints":{"allow":["GET"]}}],"collection":[{"href":"https:\/\/www.europesays.com\/fr\/wp-json\/wp\/v2\/posts"}],"about":[{"href":"https:\/\/www.europesays.com\/fr\/wp-json\/wp\/v2\/types\/post"}],"author":[{"embeddable":true,"href":"https:\/\/www.europesays.com\/fr\/wp-json\/wp\/v2\/users\/2"}],"replies":[{"embeddable":true,"href":"https:\/\/www.europesays.com\/fr\/wp-json\/wp\/v2\/comments?post=446108"}],"version-history":[{"count":0,"href":"https:\/\/www.europesays.com\/fr\/wp-json\/wp\/v2\/posts\/446108\/revisions"}],"wp:featuredmedia":[{"embeddable":true,"href":"https:\/\/www.europesays.com\/fr\/wp-json\/wp\/v2\/media\/446109"}],"wp:attachment":[{"href":"https:\/\/www.europesays.com\/fr\/wp-json\/wp\/v2\/media?parent=446108"}],"wp:term":[{"taxonomy":"category","embeddable":true,"href":"https:\/\/www.europesays.com\/fr\/wp-json\/wp\/v2\/categories?post=446108"},{"taxonomy":"post_tag","embeddable":true,"href":"https:\/\/www.europesays.com\/fr\/wp-json\/wp\/v2\/tags?post=446108"}],"curies":[{"name":"wp","href":"https:\/\/api.w.org\/{rel}","templated":true}]}}