{"id":446112,"date":"2025-10-07T23:29:15","date_gmt":"2025-10-07T23:29:15","guid":{"rendered":"https:\/\/www.europesays.com\/fr\/446112\/"},"modified":"2025-10-07T23:29:15","modified_gmt":"2025-10-07T23:29:15","slug":"voici-quand-il-sera-impossible-dy-circuler","status":"publish","type":"post","link":"https:\/\/www.europesays.com\/fr\/446112\/","title":{"rendered":"voici quand il sera impossible d\u2019y circuler"},"content":{"rendered":"<p>            Par<br \/>\n        <strong><br \/>\n            <a href=\"https:\/\/actu.fr\/auteur\/redaction-bordeaux\" title=\"Consulter tous les articles de R\u00e9daction Bordeaux\" target=\"_blank\" rel=\"noopener\">R\u00e9daction Bordeaux<\/a><br \/>\n        <\/strong><\/p>\n<p>        Publi\u00e9 le<\/p>\n<p>            7 oct. 2025 \u00e0 15h57        <\/p>\n<p>Du samedi 11 octobre \u00e0 partir de 22h jusqu\u2019au dimanche 12 octobre 2025 \u00e0 18h, le <a href=\"https:\/\/actu.fr\/tag\/pont-d-aquitaine\" target=\"_blank\" rel=\"noopener\">pont d\u2019Aquitaine<\/a> sera<strong> ferm\u00e9 \u00e0 la circulation<\/strong>. Des travaux de maintenance et d\u2019entretien de l\u2019\u00e9difice sont r\u00e9alis\u00e9s.<\/p>\n<p class=\" wall-content\">Ces op\u00e9rations n\u00e9cessitent donc la fermeture, <strong>dans le sens de circulation int\u00e9rieur<\/strong>, de la section de <a href=\"https:\/\/actu.fr\/tag\/rocade-de-bordeaux\" target=\"_blank\" rel=\"noopener\">rocade A630 de Bordeaux<\/a> entre l\u2019\u00e9changeur 4 (Bordeaux-Labarde) et l\u2019\u00e9changeur 2 (Lormont-Croix Rouge). La piste cyclable du pont d\u2019Aquitaine en sens int\u00e9rieur sera \u00e9galement ferm\u00e9e. Il sera toutefois possible d\u2019emprunter celle du sens ext\u00e9rieur durant la p\u00e9riode de travaux.\u00a0\u00a0<\/p>\n<p class=\" wall-content\">Des <strong>d\u00e9viations<\/strong> seront mises en place sur la rocade int\u00e9rieure et ext\u00e9rieure, via le pont Fran\u00e7ois Mitterand mais aussi par le r\u00e9seau local. Pour rappel, le pont d\u2019Aquitaine est l\u2019un des ouvrages les plus emprunt\u00e9s en Gironde avec environ<strong>\u00a0110 000 usagers\u00a0au quotidien.<\/strong><\/p>\n<p class=\" wall-content\">Personnalisez votre actualit\u00e9 en ajoutant vos villes et m\u00e9dias en favori avec <a href=\"https:\/\/moncompte.actu.fr\" title=\"D\u00e9couvez Mon Actu\" rel=\"nofollow noopener\" data-trk=\"{&quot;cta&quot;:{&quot;action&quot;:&quot;https:\\\/\\\/moncompte.actu.fr&quot;,&quot;category&quot;:&quot;mon compte&quot;,&quot;from&quot;:&quot;article footer&quot;,&quot;name&quot;:&quot;Mon actu&quot;,&quot;type&quot;:&quot;cta&quot;}}\" target=\"_blank\">Mon Actu<\/a>.<\/p>\n","protected":false},"excerpt":{"rendered":"Par R\u00e9daction Bordeaux Publi\u00e9 le 7 oct. 2025 \u00e0 15h57 Du samedi 11 octobre \u00e0 partir de 22h&hellip;\n","protected":false},"author":2,"featured_media":446113,"comment_status":"","ping_status":"","sticky":false,"template":"","format":"standard","meta":{"footnotes":""},"categories":[2817],"tags":[1111,11,1997,1777,674,1011,27,12,2219,13228,25,13229,104,2086],"class_list":{"0":"post-446112","1":"post","2":"type-post","3":"status-publish","4":"format-standard","5":"has-post-thumbnail","7":"category-bordeaux","8":"tag-actu","9":"tag-actualites","10":"tag-bordeaux","11":"tag-eu","12":"tag-europe","13":"tag-fr","14":"tag-france","15":"tag-news","16":"tag-nouvelle-aquitaine","17":"tag-pont-daquitaine","18":"tag-republique-francaise","19":"tag-rocade-de-bordeaux","20":"tag-societe","21":"tag-travaux"},"share_on_mastodon":{"url":"https:\/\/pubeurope.com\/@fr\/115335486765401558","error":""},"_links":{"self":[{"href":"https:\/\/www.europesays.com\/fr\/wp-json\/wp\/v2\/posts\/446112","targetHints":{"allow":["GET"]}}],"collection":[{"href":"https:\/\/www.europesays.com\/fr\/wp-json\/wp\/v2\/posts"}],"about":[{"href":"https:\/\/www.europesays.com\/fr\/wp-json\/wp\/v2\/types\/post"}],"author":[{"embeddable":true,"href":"https:\/\/www.europesays.com\/fr\/wp-json\/wp\/v2\/users\/2"}],"replies":[{"embeddable":true,"href":"https:\/\/www.europesays.com\/fr\/wp-json\/wp\/v2\/comments?post=446112"}],"version-history":[{"count":0,"href":"https:\/\/www.europesays.com\/fr\/wp-json\/wp\/v2\/posts\/446112\/revisions"}],"wp:featuredmedia":[{"embeddable":true,"href":"https:\/\/www.europesays.com\/fr\/wp-json\/wp\/v2\/media\/446113"}],"wp:attachment":[{"href":"https:\/\/www.europesays.com\/fr\/wp-json\/wp\/v2\/media?parent=446112"}],"wp:term":[{"taxonomy":"category","embeddable":true,"href":"https:\/\/www.europesays.com\/fr\/wp-json\/wp\/v2\/categories?post=446112"},{"taxonomy":"post_tag","embeddable":true,"href":"https:\/\/www.europesays.com\/fr\/wp-json\/wp\/v2\/tags?post=446112"}],"curies":[{"name":"wp","href":"https:\/\/api.w.org\/{rel}","templated":true}]}}