{"id":446122,"date":"2025-10-07T23:34:17","date_gmt":"2025-10-07T23:34:17","guid":{"rendered":"https:\/\/www.europesays.com\/fr\/446122\/"},"modified":"2025-10-07T23:34:17","modified_gmt":"2025-10-07T23:34:17","slug":"previsions-du-mercredi-8-octobre-2025-6","status":"publish","type":"post","link":"https:\/\/www.europesays.com\/fr\/446122\/","title":{"rendered":"pr\u00e9visions du mercredi 8 octobre 2025"},"content":{"rendered":"<p class=\"mb-4 text-lg md:leading-8 break-words\"><strong>M\u00e9t\u00e9o &#8211; Aujourd&rsquo;hui, le soleil va peu \u00e0 peu prendre la place des nuages. Les temp\u00e9ratures seront de 14\u00b0C la matin\u00e9e et de 18\u00b0C l&rsquo;apr\u00e8s-midi&#8230;<\/strong><\/p>\n<p class=\"mb-4 text-lg md:leading-8 break-words\">Une am\u00e9lioration est attendue dans la journ\u00e9e \u00e0 Lille, o\u00f9 les nuages vont se disperser. Les temp\u00e9ratures seront comprises entre 11\u00b0C et 19\u00b0C. Une petite brise de nord-ouest sera ressentie par les habitants. Les temp\u00e9ratures vont conna\u00eetre une hausse de quelques degr\u00e9s durant l&rsquo;apr\u00e8s-midi. Les maximales atteindront les 19\u00b0C tandis que les minimales seront de 15\u00b0C. Mauvais temps : on annonce des pluies \u00e9parses pour le soir. La nuit sera claire.<\/p>\n<p class=\"mb-4 text-lg md:leading-8 break-words\">Demain, un grand soleil brillera sur Lille. Le mercure va descendre de quelques degr\u00e9s. Il fera 14\u00b0C en moyenne. Un vent de nord-ouest rafra\u00eechira l\u00e9g\u00e8rement l&rsquo;atmosph\u00e8re. Les valeurs s&rsquo;\u00e9chelonneront entre 14 et 18\u00b0C durant l&rsquo;apr\u00e8s-midi. Des \u00e9claircies sont pr\u00e9vues : on passera une soir\u00e9e cl\u00e9mente. Les temp\u00e9ratures tourneront autour des 12\u00b0C.<\/p>\n<p class=\"mb-4 text-lg md:leading-8 break-words\">Des changements sont annonc\u00e9s les prochains jours. Vendredi, les conditions m\u00e9t\u00e9orologiques seront nuageuses alors qu&rsquo;une am\u00e9lioration est pr\u00e9vue samedi.<\/p>\n<p class=\"mb-4 text-lg md:leading-8 break-words\"><a href=\"https:\/\/www.20minutes.fr\/planete\/previsions-meteo\/4177830-20251008-meteo-lille-previsions-mercredi-8-octobre-2025?at_medium=RSS%20feed&amp;at_campaign=ynews&amp;utm_source=yahoo&amp;utm_medium=rss&amp;utm_campaign=news_feed&amp;utm_content=read_more_link&quot;\" rel=\"nofollow noopener\" target=\"_blank\" data-ylk=\"slk:Lire la suite sur 20minutes;elm:context_link;itc:0;sec:content-canvas\" class=\"link \">Lire la suite sur 20minutes<\/a><\/p>\n","protected":false},"excerpt":{"rendered":"M\u00e9t\u00e9o &#8211; Aujourd&rsquo;hui, le soleil va peu \u00e0 peu prendre la place des nuages. Les temp\u00e9ratures seront de&hellip;\n","protected":false},"author":2,"featured_media":446123,"comment_status":"","ping_status":"","sticky":false,"template":"","format":"standard","meta":{"footnotes":""},"categories":[2815],"tags":[1111,11,1777,674,1011,27,811,51394,1307,2487,12,25],"class_list":{"0":"post-446122","1":"post","2":"type-post","3":"status-publish","4":"format-standard","5":"has-post-thumbnail","7":"category-lille","8":"tag-actu","9":"tag-actualites","10":"tag-eu","11":"tag-europe","12":"tag-fr","13":"tag-france","14":"tag-hauts-de-france","15":"tag-la-matinee","16":"tag-lille","17":"tag-meteo","18":"tag-news","19":"tag-republique-francaise"},"share_on_mastodon":{"url":"https:\/\/pubeurope.com\/@fr\/115335506433698920","error":""},"_links":{"self":[{"href":"https:\/\/www.europesays.com\/fr\/wp-json\/wp\/v2\/posts\/446122","targetHints":{"allow":["GET"]}}],"collection":[{"href":"https:\/\/www.europesays.com\/fr\/wp-json\/wp\/v2\/posts"}],"about":[{"href":"https:\/\/www.europesays.com\/fr\/wp-json\/wp\/v2\/types\/post"}],"author":[{"embeddable":true,"href":"https:\/\/www.europesays.com\/fr\/wp-json\/wp\/v2\/users\/2"}],"replies":[{"embeddable":true,"href":"https:\/\/www.europesays.com\/fr\/wp-json\/wp\/v2\/comments?post=446122"}],"version-history":[{"count":0,"href":"https:\/\/www.europesays.com\/fr\/wp-json\/wp\/v2\/posts\/446122\/revisions"}],"wp:featuredmedia":[{"embeddable":true,"href":"https:\/\/www.europesays.com\/fr\/wp-json\/wp\/v2\/media\/446123"}],"wp:attachment":[{"href":"https:\/\/www.europesays.com\/fr\/wp-json\/wp\/v2\/media?parent=446122"}],"wp:term":[{"taxonomy":"category","embeddable":true,"href":"https:\/\/www.europesays.com\/fr\/wp-json\/wp\/v2\/categories?post=446122"},{"taxonomy":"post_tag","embeddable":true,"href":"https:\/\/www.europesays.com\/fr\/wp-json\/wp\/v2\/tags?post=446122"}],"curies":[{"name":"wp","href":"https:\/\/api.w.org\/{rel}","templated":true}]}}