{"id":446146,"date":"2025-10-07T23:48:11","date_gmt":"2025-10-07T23:48:11","guid":{"rendered":"https:\/\/www.europesays.com\/fr\/446146\/"},"modified":"2025-10-07T23:48:11","modified_gmt":"2025-10-07T23:48:11","slug":"le-plan-acier-pour-lue-bien-recu-par-les-deputes-europeens-beaucoup-moins-par-le-royaume-uni","status":"publish","type":"post","link":"https:\/\/www.europesays.com\/fr\/446146\/","title":{"rendered":"Le plan acier pour l&rsquo;UE bien re\u00e7u par les d\u00e9put\u00e9s europ\u00e9ens, beaucoup moins par le Royaume-Uni"},"content":{"rendered":"<p class=\"mb-4 text-lg md:leading-8 break-words\">C\u2019est du jamais vu : l&rsquo;Union europ\u00e9enne a d\u00e9voil\u00e9 un arsenal sans pr\u00e9c\u00e9dent pour sauver sa production d&rsquo;acier. Le secteur est menac\u00e9 par la concurrence \u00e9crasante de la Chine. Selon le plan de la Commission, les quotas d&rsquo;acier \u00e9tranger qui peuvent \u00eatre import\u00e9s chaque ann\u00e9e dans l&rsquo;UE sans droits de douane vont \u00eatre r\u00e9duits de moiti\u00e9. Et surtout les droits de douane sur les importations vont doubler. Au Parlement europ\u00e9en de Strasbourg, les d\u00e9put\u00e9s attendaient cette riposte.<\/p>\n<p class=\"mb-4 text-lg md:leading-8 break-words\">Il faut sauver un secteur \u00ab au bord de l\u2019effondrement \u00bb. La Commission europ\u00e9enne sonne la charge, rapporte notre envoy\u00e9 sp\u00e9cial \u00e0 Strasbourg, <strong>Julien Chavanne<\/strong>.<\/p>\n<p class=\"mb-4 text-lg md:leading-8 break-words\">\u00ab Il \u00e9tait temps \u00bb, pour Kathleen Van Brempt. Cette d\u00e9put\u00e9e belge suit le dossier pour le groupe des socialistes et d\u00e9mocrates. \u00ab C&rsquo;est un bon premier pas. Il est essentiel que nous ayons un plan \u00bb, souligne-t-elle. \u00ab Nous voulons notre propre acier, car nous voulons un acier vert fiable. Pour \u00e7a, il nous faut un nouveau plan de relance complet. Donc, aujourd\u2019hui, c\u2019est un premier pas, certes, mais il en faut plus. \u00bb<\/p>\n<p class=\"mb-4 text-lg md:leading-8 break-words\">Riposter, mais jusqu\u2019\u00e0 quel point ? Certains d\u00e9put\u00e9s s\u2019inqui\u00e8tent d\u2019un plan protectionniste qui p\u00e9naliserait les industries europ\u00e9ennes. Ce n\u2019est pas le cas, assure la d\u00e9put\u00e9e fran\u00e7aise du groupe centriste Renew Marie-Pierre Vedrenne. \u00ab Parce que le protectionnisme, \u00e0 mon avis, c&rsquo;est ce que peut faire <strong><a href=\"https:\/\/www.rfi.fr\/fr\/tag\/donald-trump\/\" class=\"link \" rel=\"nofollow noopener\" target=\"_blank\" data-ylk=\"slk:Donald Trump;elm:context_link;itc:0;sec:content-canvas\">Donald Trump<\/a><\/strong> et c&rsquo;est mortif\u00e8re \u00bb, juge-t-elle. \u00ab Donc non, nous, on engage tout le monde pour pouvoir travailler sur un commerce qui soit juste et qui soit gagnant-gagnant pour tout le monde. \u00bb<\/p>\n<p class=\"mb-4 text-lg md:leading-8 break-words\">Attendu, ce plan est aussi un signal envoy\u00e9 \u00e0 Washington. L\u2019<strong><a href=\"https:\/\/www.rfi.fr\/fr\/tag\/union-europ\u00e9enne\/\" class=\"link \" rel=\"nofollow noopener\" target=\"_blank\" data-ylk=\"slk:Union europ\u00e9enne;elm:context_link;itc:0;sec:content-canvas\">Union europ\u00e9enne<\/a><\/strong> a mis du temps \u00e0 r\u00e9agir, mais elle est pr\u00eate \u00e0 se d\u00e9fendre. C\u2019est ce que retient la socialiste Kathleen Van Brempt. \u00ab C\u2019est une r\u00e9ponse politique, et j&rsquo;appr\u00e9cie que la Commission donne des r\u00e9ponses politiques, mais il faut maintenant aller de l&rsquo;avant. Donc, on est encore \u00e0 mi-chemin \u00bb, estime-t-elle.<\/p>\n<p class=\"mb-4 text-lg md:leading-8 break-words\">Le plan de la Commission doit encore \u00eatre approuv\u00e9 par les 27 pays de l\u2019Union et par le Parlement europ\u00e9en, ce qui prendra encore plusieurs mois.<\/p>\n<p class=\"mb-4 text-lg md:leading-8 break-words\">\u00c0 lire aussi<a href=\"https:\/\/www.rfi.fr\/fr\/europe\/20241126-industrie-l-acier-europ\u00e9en-en-pleine-crise\" class=\"link \" rel=\"nofollow noopener\" target=\"_blank\" data-ylk=\"slk:Industrie: l&#039;acier europ\u00e9en en pleine crise;elm:context_link;itc:0;sec:content-canvas\">Industrie: l&rsquo;acier europ\u00e9en en pleine crise<\/a><\/p>\n<p>Londres craint les mesures europ\u00e9ennes sur l&rsquo;acier<\/p>\n<p class=\"mb-4 text-lg md:leading-8 break-words\">La mesure ne concernera pas seulement les importations venues des \u00c9tats-Unis. L\u2019acier britannique sera aussi affect\u00e9. Outre-Manche, le secteur s\u2019est imm\u00e9diatement inqui\u00e9t\u00e9. Les mesures europ\u00e9ennes repr\u00e9sentent une \u00ab menace existentielle \u00bb pour l\u2019acier britannique, selon le syndicat des travailleurs m\u00e9tallurgiques Community, rapporte notre correspondante \u00e0 Londres, <strong>Emeline Vin<\/strong>.<\/p>\n<p class=\"mb-4 text-lg md:leading-8 break-words\">L\u2019Union europ\u00e9enne repr\u00e9sente 80 % des exportations du secteur, soit pr\u00e8s de 4,5 milliards d\u2019euros chaque ann\u00e9e. Les droits de douane am\u00e9ricains, qui inqui\u00e8tent depuis des mois la sid\u00e9rurgie britannique, apparaissent comme une menace mineure en comparaison des tarifs europ\u00e9ens annonc\u00e9s.<\/p>\n<p class=\"mb-4 text-lg md:leading-8 break-words\">Le principal repr\u00e9sentant du secteur, UK Steel, appelle le gouvernement britannique \u00e0 prendre ses propres mesures de repr\u00e9sailles ; son patron rappelle que le Royaume-Uni est aussi le premier march\u00e9 d\u2019export pour l\u2019UE et \u00e0 entamer des n\u00e9gociations pour \u00e9viter un d\u00e9s\u00e9quilibrage mondial dans les \u00e9changes commerciaux. Le risque, selon lui, c\u2019est que les autres pays producteurs d\u2019acier comme la Chine ne se d\u00e9tournent des march\u00e9s am\u00e9ricain et europ\u00e9en et n\u2019inondent le reste du monde avec leurs produits, noyant de fait l\u2019industrie britannique.<\/p>\n<p class=\"mb-4 text-lg md:leading-8 break-words\">Le secteur esp\u00e8re une exemption nationale des nouveaux droits de douane. Sans quoi, les 37 000 emplois li\u00e9s \u00e0 l\u2019acier britannique pourraient tout simplement dispara\u00eetre.<\/p>\n<p class=\"mb-4 text-lg md:leading-8 break-words\">\u00c0 lire aussi<a href=\"https:\/\/www.rfi.fr\/fr\/europe\/20250415-british-steel-la-derni\u00e8re-aci\u00e9rie-du-royaume-uni-un-symbole-et-un-enjeu-industriel-pour-le-gouvernement\" class=\"link \" rel=\"nofollow noopener\" target=\"_blank\" data-ylk=\"slk:British Steel, la derni\u00e8re aci\u00e9rie du Royaume-Uni, un symbole et un enjeu industriel pour le gouvernement;elm:context_link;itc:0;sec:content-canvas\">British Steel, la derni\u00e8re aci\u00e9rie du Royaume-Uni, un symbole et un enjeu industriel pour le gouvernement<\/a><\/p>\n","protected":false},"excerpt":{"rendered":"C\u2019est du jamais vu : l&rsquo;Union europ\u00e9enne a d\u00e9voil\u00e9 un arsenal sans pr\u00e9c\u00e9dent pour sauver sa production d&rsquo;acier.&hellip;\n","protected":false},"author":2,"featured_media":446147,"comment_status":"","ping_status":"","sticky":false,"template":"","format":"standard","meta":{"footnotes":""},"categories":[1588],"tags":[11,2388,1777,674,57227,57225,57226,49094,10419,12,5355,473,1853,1851,1850,1852],"class_list":{"0":"post-446146","1":"post","2":"type-post","3":"status-publish","4":"format-standard","5":"has-post-thumbnail","7":"category-royaume-uni","8":"tag-actualites","9":"tag-droits-de-douane","10":"tag-eu","11":"tag-europe","12":"tag-julien-chavanne","13":"tag-kathleen-van-brempt","14":"tag-lacier-2","15":"tag-lunion-europeenne-2","16":"tag-la-commission","17":"tag-news","18":"tag-plan","19":"tag-royaume-uni","20":"tag-royaume-uni-de-grande-bretagne-et-dirlande-du-nord","21":"tag-uk","22":"tag-united-kingdom","23":"tag-united-kingdom-of-great-britain-and-northern-ireland"},"share_on_mastodon":{"url":"https:\/\/pubeurope.com\/@fr\/115335561485651607","error":""},"_links":{"self":[{"href":"https:\/\/www.europesays.com\/fr\/wp-json\/wp\/v2\/posts\/446146","targetHints":{"allow":["GET"]}}],"collection":[{"href":"https:\/\/www.europesays.com\/fr\/wp-json\/wp\/v2\/posts"}],"about":[{"href":"https:\/\/www.europesays.com\/fr\/wp-json\/wp\/v2\/types\/post"}],"author":[{"embeddable":true,"href":"https:\/\/www.europesays.com\/fr\/wp-json\/wp\/v2\/users\/2"}],"replies":[{"embeddable":true,"href":"https:\/\/www.europesays.com\/fr\/wp-json\/wp\/v2\/comments?post=446146"}],"version-history":[{"count":0,"href":"https:\/\/www.europesays.com\/fr\/wp-json\/wp\/v2\/posts\/446146\/revisions"}],"wp:featuredmedia":[{"embeddable":true,"href":"https:\/\/www.europesays.com\/fr\/wp-json\/wp\/v2\/media\/446147"}],"wp:attachment":[{"href":"https:\/\/www.europesays.com\/fr\/wp-json\/wp\/v2\/media?parent=446146"}],"wp:term":[{"taxonomy":"category","embeddable":true,"href":"https:\/\/www.europesays.com\/fr\/wp-json\/wp\/v2\/categories?post=446146"},{"taxonomy":"post_tag","embeddable":true,"href":"https:\/\/www.europesays.com\/fr\/wp-json\/wp\/v2\/tags?post=446146"}],"curies":[{"name":"wp","href":"https:\/\/api.w.org\/{rel}","templated":true}]}}