{"id":446156,"date":"2025-10-07T23:53:14","date_gmt":"2025-10-07T23:53:14","guid":{"rendered":"https:\/\/www.europesays.com\/fr\/446156\/"},"modified":"2025-10-07T23:53:14","modified_gmt":"2025-10-07T23:53:14","slug":"macron-preoccupe-dissolution-un-premier-ministre-de-gauche-les-grandes-manoeuvres-ont-commence-a-lelysee","status":"publish","type":"post","link":"https:\/\/www.europesays.com\/fr\/446156\/","title":{"rendered":"Macron \u00ab\u00a0pr\u00e9occup\u00e9\u00a0\u00bb, dissolution, un Premier ministre de gauche&#8230; Les grandes man\u0153uvres ont commenc\u00e9 \u00e0 l&rsquo;Elys\u00e9e"},"content":{"rendered":"<p class=\"article-p mdl\">Que se passe-t-il dans la t\u00eate d&rsquo;Emmanuel Macron ? Le pr\u00e9sident de la R\u00e9publique fait face \u00e0 une nouvelle crise politique. Et selon les informations de RTL, les grandes man\u0153uvres ont commenc\u00e9 \u00e0 l&rsquo;\u00c9lys\u00e9e. D&rsquo;apr\u00e8s plusieurs de ses interlocuteurs, le chef de l&rsquo;\u00c9tat est marqu\u00e9 et pr\u00e9occup\u00e9 par cette situation politique in\u00e9dite.\u00a0<\/p>\n<p class=\"article-p mdl\"><a class=\"link\" href=\"https:\/\/www.rtl.fr\/actu\/politique\/une-dissolution-est-theoriquement-possible-emmanuel-macron-a-recu-les-presidents-des-deux-chambres-a-l-elysee-7900550084\" title=\"Une dissolution est th\u00e9oriquement possible : Emmanuel Macron a re\u00e7u les pr\u00e9sidents des deux chambres \u00e0 l&#039;\u00c9lys\u00e9e\" target=\"_blank\" rel=\"noopener\">Emmanuel Macron<\/a>\u00a0a donn\u00e9 une mission \u00e0 S\u00e9bastien Lecornu, celle de tenter d&rsquo;arracher un accord. Pendant ce temps, le chef de l&rsquo;\u00c9tat a re\u00e7u, ce mardi 7 octobre, le pr\u00e9sident du S\u00e9nat, G\u00e9rard Larcher, et la pr\u00e9sidente de l&rsquo;Assembl\u00e9e nationale, Ya\u00ebl Braun-Pivet. La teneur de ces \u00e9changes est encore myst\u00e9rieuse.\u00a0<\/p>\n<p class=\"article-p mdl\">Faut-il y voir le signe d&rsquo;une possible dissolution de l&rsquo;Assembl\u00e9e nationale, comme en juin 2024 ? Car, comme le dit l&rsquo;article 12 de la\u00a0<a class=\"link\" href=\"https:\/\/www.rtl.fr\/actu\/politique\/emmanuel-macron-appele-a-organiser-une-presidentielle-anticipee-ce-que-dit-la-constitution-7900549978\" title=\"Emmanuel Macron appel\u00e9 \u00e0 organiser une pr\u00e9sidentielle anticip\u00e9e : ce que dit la Constitution\" target=\"_blank\" rel=\"noopener\">Constitution<\/a>, le pr\u00e9sident de la R\u00e9publique peut, apr\u00e8s avoir consult\u00e9 le Premier ministre et les pr\u00e9sidents de l&rsquo;Assembl\u00e9e nationale et du S\u00e9nat, prononcer la dissolution de la Chambre basse.<\/p>\n<p>            Olivier Faure, derni\u00e8re carte d&rsquo;Emmanuel Macron ?<\/p>\n<p class=\"article-p mdl\">Mais, selon les informations de RTL,\u00a0<a class=\"link\" href=\"https:\/\/www.rtl.fr\/actu\/politique\/une-dissolution-est-theoriquement-possible-emmanuel-macron-a-recu-les-presidents-des-deux-chambres-a-l-elysee-7900550084\" title=\"Une dissolution est th\u00e9oriquement possible : Emmanuel Macron a re\u00e7u les pr\u00e9sidents des deux chambres \u00e0 l&#039;\u00c9lys\u00e9e\" target=\"_blank\" rel=\"noopener\">une dissolution de l&rsquo;Assembl\u00e9e nationale n&rsquo;est pas le plan privil\u00e9gi\u00e9 \u00e0 ce stade par Emmanuel Macron<\/a>. Si\u00a0<a class=\"link\" href=\"https:\/\/www.rtl.fr\/actu\/politique\/lr-rn-ce-que-l-on-sait-des-premieres-consultations-de-sebastien-lecornu-a-matignon-7900550098\" title=\"LR, RN... Ce que l&#039;on sait des premi\u00e8res consultations de S\u00e9bastien Lecornu \u00e0 Matignon\" target=\"_blank\" rel=\"noopener\">S\u00e9bastien Lecornu<\/a>\u00a0\u00e9choue \u00e0 mettre sur pied cette plateforme de stabilit\u00e9 \u00e9voqu\u00e9e par le locataire de l&rsquo;\u00c9lys\u00e9e, ce dernier pourrait se tourner vers la gauche. Selon l&rsquo;un de ses proches \u00e0 RTL, le chef de l&rsquo;\u00c9tat veut aller au bout de toutes les hypoth\u00e8ses avant de dissoudre.\u00a0<\/p>\n<p class=\"article-p mdl\">Dans l&rsquo;entourage d&rsquo;Emmanuel Macron, ils sont plusieurs \u00e0 pousser pour la nomination d&rsquo;un Premier ministre de gauche. Le nom d&rsquo;Olivier Faure, patron du PS, revient de plus en plus. Et selon les informations de RTL, si cette option venait \u00e0 \u00e9chouer, Emmanuel Macron pourrait alors se r\u00e9soudre \u00e0 acter une nouvelle dissolution de l&rsquo;Assembl\u00e9e nationale.\u00a0<\/p>\n<p class=\"article-p mdl\">Le pr\u00e9sident de la R\u00e9publique n&rsquo;a toujours pas pris la parole. Emmanuel Macron pourrait prochainement s&rsquo;exprimer. Selon les informations de RTL,\u00a0<a class=\"link\" href=\"https:\/\/www.rtl.fr\/actu\/politique\/info-rtl-quand-emmanuel-macron-va-t-il-s-exprimer-trois-creneaux-envisages-7900550108\" title=\"INFO RTL - Quand Emmanuel Macron va-t-il s&#039;exprimer ? Trois cr\u00e9neaux envisag\u00e9s\" target=\"_blank\" rel=\"noopener\">trois cr\u00e9neaux potentiels ont \u00e9t\u00e9 identifi\u00e9s : mercredi, vendredi ou dimanche soir.\u00a0<\/a><\/p>\n<p>    La r\u00e9daction vous recommande<\/p>\n<p class=\"s-newsletter__title\">\n                L\u2019actualit\u00e9 par la r\u00e9daction de RTL dans votre bo\u00eete mail.\n            <\/p>\n<p class=\"s-newsletter__subtitle\">\n                Gr\u00e2ce \u00e0 votre compte RTL abonnez-vous \u00e0 la newsletter RTL info pour suivre toute l&rsquo;actualit\u00e9 au quotidien\n            <\/p>\n<p>\n                                    Lire la suite\n                                <\/p>\n","protected":false},"excerpt":{"rendered":"Que se passe-t-il dans la t\u00eate d&rsquo;Emmanuel Macron ? Le pr\u00e9sident de la R\u00e9publique fait face \u00e0 une&hellip;\n","protected":false},"author":2,"featured_media":446157,"comment_status":"","ping_status":"","sticky":false,"template":"","format":"standard","meta":{"footnotes":""},"categories":[2],"tags":[11,4527,1073,107,1011,27,12,23420,25],"class_list":{"0":"post-446156","1":"post","2":"type-post","3":"status-publish","4":"format-standard","5":"has-post-thumbnail","7":"category-actualites","8":"tag-actualites","9":"tag-elysee","10":"tag-emmanuel-macron","11":"tag-fil-info","12":"tag-fr","13":"tag-france","14":"tag-news","15":"tag-presidence-de-la-republique","16":"tag-republique-francaise"},"share_on_mastodon":{"url":"https:\/\/pubeurope.com\/@fr\/115335581270018856","error":""},"_links":{"self":[{"href":"https:\/\/www.europesays.com\/fr\/wp-json\/wp\/v2\/posts\/446156","targetHints":{"allow":["GET"]}}],"collection":[{"href":"https:\/\/www.europesays.com\/fr\/wp-json\/wp\/v2\/posts"}],"about":[{"href":"https:\/\/www.europesays.com\/fr\/wp-json\/wp\/v2\/types\/post"}],"author":[{"embeddable":true,"href":"https:\/\/www.europesays.com\/fr\/wp-json\/wp\/v2\/users\/2"}],"replies":[{"embeddable":true,"href":"https:\/\/www.europesays.com\/fr\/wp-json\/wp\/v2\/comments?post=446156"}],"version-history":[{"count":0,"href":"https:\/\/www.europesays.com\/fr\/wp-json\/wp\/v2\/posts\/446156\/revisions"}],"wp:featuredmedia":[{"embeddable":true,"href":"https:\/\/www.europesays.com\/fr\/wp-json\/wp\/v2\/media\/446157"}],"wp:attachment":[{"href":"https:\/\/www.europesays.com\/fr\/wp-json\/wp\/v2\/media?parent=446156"}],"wp:term":[{"taxonomy":"category","embeddable":true,"href":"https:\/\/www.europesays.com\/fr\/wp-json\/wp\/v2\/categories?post=446156"},{"taxonomy":"post_tag","embeddable":true,"href":"https:\/\/www.europesays.com\/fr\/wp-json\/wp\/v2\/tags?post=446156"}],"curies":[{"name":"wp","href":"https:\/\/api.w.org\/{rel}","templated":true}]}}