{"id":446158,"date":"2025-10-07T23:54:12","date_gmt":"2025-10-07T23:54:12","guid":{"rendered":"https:\/\/www.europesays.com\/fr\/446158\/"},"modified":"2025-10-07T23:54:12","modified_gmt":"2025-10-07T23:54:12","slug":"george-clooney-sinstalle-en-france-pour-offrir-une-vie-normale-a-ses-enfants-2","status":"publish","type":"post","link":"https:\/\/www.europesays.com\/fr\/446158\/","title":{"rendered":"George Clooney s\u2019installe en France pour offrir une vie \u00ab normale \u00bb \u00e0 ses enfants"},"content":{"rendered":"<p class=\"mb-4 text-lg md:leading-8 break-words\"><strong>a simple life &#8211; L\u2019acteur am\u00e9ricain, install\u00e9 avec sa femme Amal et leurs jumeaux sur une ferme fran\u00e7aise, explique dans Esquire avoir fui la culture de la c\u00e9l\u00e9brit\u00e9 \u00e0 Los Angeles. \u00ab\u00a0En France, ils s\u2019en tapent pas mal de la c\u00e9l\u00e9brit\u00e9\u00a0\u00bb, dit-il.<\/strong><\/p>\n<p class=\"mb-4 text-lg md:leading-8 break-words\">\u00c0 64 ans, <a href=\"https:\/\/www.20minutes.fr\/dossier\/george_clooney?at_medium=RSS%20feed&amp;at_campaign=ynews&amp;utm_source=yahoo&amp;utm_medium=rss&amp;utm_campaign=news_feed&amp;utm_content=in_article_link\" rel=\"nofollow noopener\" target=\"_blank\" data-ylk=\"slk:George Clooney;elm:context_link;itc:0;sec:content-canvas\" class=\"link \">George Clooney<\/a> a trouv\u00e9 son refuge\u00a0: une ferme de cent hectares quelque part en France, entour\u00e9e de vignes et d\u2019oliviers. C\u2019est l\u00e0 que la star d\u2019<a href=\"https:\/\/www.20minutes.fr\/dossier\/hollywood?at_medium=RSS%20feed&amp;at_campaign=ynews&amp;utm_source=yahoo&amp;utm_medium=rss&amp;utm_campaign=news_feed&amp;utm_content=in_article_link\" rel=\"nofollow noopener\" target=\"_blank\" data-ylk=\"slk:Hollywood;elm:context_link;itc:0;sec:content-canvas\" class=\"link \">Hollywood<\/a> et son \u00e9pouse, l\u2019avocate internationale Amal Clooney, \u00e9l\u00e8vent leurs jumeaux de huit ans, Ella et Alexander. Une vie simple, loin des flashs, que l\u2019acteur a racont\u00e9e dans un long entretien accord\u00e9 au magazine am\u00e9ricain <a href=\"https:\/\/www.esquire.com\/entertainment\/movies\/a68136276\/george-clooney-jay-kelly-interview-2025\/?at_medium=RSS%20feed&amp;at_campaign=ynews&amp;utm_source=yahoo&amp;utm_medium=rss&amp;utm_campaign=news_feed&amp;utm_content=in_article_link\" rel=\"nofollow noopener\" target=\"_blank\" data-ylk=\"slk:Esquire;elm:context_link;itc:0;sec:content-canvas\" class=\"link \">Esquire<\/a>.<\/p>\n<p class=\"mb-4 text-lg md:leading-8 break-words\">\u00ab\u00a0On a beaucoup de chance. Nous vivons dans une ferme en France\u00a0\u00bb, confie l\u2019acteur. \u00ab\u00a0Quand j\u2019\u00e9tais enfant, j\u2019ai grandi en partie \u00e0 la campagne et je d\u00e9testais \u00e7a. Mais pour eux, c\u2019est diff\u00e9rent\u00a0: ils ne sont pas sur leurs iPads, ils d\u00eenent avec les adultes et doivent d\u00e9barrasser la table. Ils ont une vie bien meilleure.\u00a0\u00bb<\/p>\n<p>\u00ab\u00a0En France, les gens s\u2019en tapent pas mal de la c\u00e9l\u00e9brit\u00e9\u00a0\u00bb<\/p>\n<p class=\"mb-4 text-lg md:leading-8 break-words\">\u00ab\u00a0J\u2019avais peur d\u2019\u00e9lever nos enfants \u00e0 Los Angeles, dans la culture d\u2019Hollywood\u00a0\u00bb o\u00f9 tout tourne autour de la notori\u00e9t\u00e9, explique l\u2019acteur. \u00ab\u00a0J\u2019avais peur qu\u2019ils n\u2019aient pas la chance de vivre leur propre vie. En France, les gens s\u2019en tapent pas mal de la c\u00e9l\u00e9brit\u00e9. Je ne veux pas que mes enfants soient traqu\u00e9s par les paparazzis, ni qu\u2019ils soient compar\u00e9s aux enfants d\u2019autres personnes c\u00e9l\u00e8bres\u00a0\u00bb, explique-t-il.<\/p>\n<p class=\"mb-4 text-lg md:leading-8 break-words\">George Clooney, qui a connu un succ\u00e8s plan\u00e9taire avec la s\u00e9rie Urgences ou encore Ocean\u2019s Eleven pour n\u2019en citer que quelques-uns, semble d\u00e9sormais savourer une existence plus ancr\u00e9e\u00a0: il conduit son tracteur, bricole, repeint les cl\u00f4tures avec ses enfants. \u00ab\u00a0Je veux qu\u2019ils sachent faire les choses par e(&#8230;)<\/p>\n<p class=\"mb-4 text-lg md:leading-8 break-words\"><a href=\"https:\/\/www.20minutes.fr\/monde\/4177824-20251008-george-clooney-installe-france-offrir-vie-normale-enfants?at_medium=RSS%20feed&amp;at_campaign=ynews&amp;utm_source=yahoo&amp;utm_medium=rss&amp;utm_campaign=news_feed&amp;utm_content=read_more_link&quot;\" rel=\"nofollow noopener\" target=\"_blank\" data-ylk=\"slk:Lire la suite sur 20minutes;elm:context_link;itc:0;sec:content-canvas\" class=\"link \">Lire la suite sur 20minutes<\/a><\/p>\n<p>\u00c0 lire aussi :<br \/><a href=\"https:\/\/www.20minutes.fr\/arts-stars\/people\/4173136-20250915-omar-sy-confie-aspect-celebrite-effraye-enfants?at_medium=RSS%20feed&amp;at_campaign=ynews&amp;utm_source=yahoo&amp;utm_medium=rss&amp;utm_campaign=news_feed&amp;utm_content=related_content_link\" rel=\"nofollow noopener\" target=\"_blank\" data-ylk=\"slk:Omar Sy se confie sur un aspect de la c\u00e9l\u00e9brit\u00e9 qui l\u2019a \u00ab\u00a0effray\u00e9\u00a0\u00bb pour ses enfants;elm:context_link;itc:0;sec:content-canvas\" class=\"link \">Omar Sy se confie sur un aspect de la c\u00e9l\u00e9brit\u00e9 qui l\u2019a \u00ab\u00a0effray\u00e9\u00a0\u00bb pour ses enfants<\/a><br \/><a href=\"https:\/\/www.20minutes.fr\/faits_divers\/4163324-20250711-var-incendie-declare-pres-domaine-george-clooney?at_medium=RSS%20feed&amp;at_campaign=ynews&amp;utm_source=yahoo&amp;utm_medium=rss&amp;utm_campaign=news_feed&amp;utm_content=related_content_link\" rel=\"nofollow noopener\" target=\"_blank\" data-ylk=\"slk:Var\u00a0: Un incendie se d\u00e9clare pr\u00e8s du domaine de George Clooney;elm:context_link;itc:0;sec:content-canvas\" class=\"link \">Var\u00a0: Un incendie se d\u00e9clare pr\u00e8s du domaine de George Clooney<\/a><\/p>\n","protected":false},"excerpt":{"rendered":"a simple life &#8211; L\u2019acteur am\u00e9ricain, install\u00e9 avec sa femme Amal et leurs jumeaux sur une ferme fran\u00e7aise,&hellip;\n","protected":false},"author":2,"featured_media":446159,"comment_status":"","ping_status":"","sticky":false,"template":"","format":"standard","meta":{"footnotes":""},"categories":[4],"tags":[11,45404,1011,27,6054,13466,12,57228,25],"class_list":{"0":"post-446158","1":"post","2":"type-post","3":"status-publish","4":"format-standard","5":"has-post-thumbnail","7":"category-france","8":"tag-actualites","9":"tag-amal-clooney","10":"tag-fr","11":"tag-france","12":"tag-george-clooney","13":"tag-lacteur","14":"tag-news","15":"tag-nos-enfants","16":"tag-republique-francaise"},"share_on_mastodon":{"url":"https:\/\/pubeurope.com\/@fr\/115335585054364680","error":""},"_links":{"self":[{"href":"https:\/\/www.europesays.com\/fr\/wp-json\/wp\/v2\/posts\/446158","targetHints":{"allow":["GET"]}}],"collection":[{"href":"https:\/\/www.europesays.com\/fr\/wp-json\/wp\/v2\/posts"}],"about":[{"href":"https:\/\/www.europesays.com\/fr\/wp-json\/wp\/v2\/types\/post"}],"author":[{"embeddable":true,"href":"https:\/\/www.europesays.com\/fr\/wp-json\/wp\/v2\/users\/2"}],"replies":[{"embeddable":true,"href":"https:\/\/www.europesays.com\/fr\/wp-json\/wp\/v2\/comments?post=446158"}],"version-history":[{"count":0,"href":"https:\/\/www.europesays.com\/fr\/wp-json\/wp\/v2\/posts\/446158\/revisions"}],"wp:featuredmedia":[{"embeddable":true,"href":"https:\/\/www.europesays.com\/fr\/wp-json\/wp\/v2\/media\/446159"}],"wp:attachment":[{"href":"https:\/\/www.europesays.com\/fr\/wp-json\/wp\/v2\/media?parent=446158"}],"wp:term":[{"taxonomy":"category","embeddable":true,"href":"https:\/\/www.europesays.com\/fr\/wp-json\/wp\/v2\/categories?post=446158"},{"taxonomy":"post_tag","embeddable":true,"href":"https:\/\/www.europesays.com\/fr\/wp-json\/wp\/v2\/tags?post=446158"}],"curies":[{"name":"wp","href":"https:\/\/api.w.org\/{rel}","templated":true}]}}