{"id":446163,"date":"2025-10-07T23:58:11","date_gmt":"2025-10-07T23:58:11","guid":{"rendered":"https:\/\/www.europesays.com\/fr\/446163\/"},"modified":"2025-10-07T23:58:11","modified_gmt":"2025-10-07T23:58:11","slug":"tennis-lopen-daustralie-offrira-un-million-de-dollars-a-lamateur-qui-remportera-un-point-contre-un-pro-en-2026","status":"publish","type":"post","link":"https:\/\/www.europesays.com\/fr\/446163\/","title":{"rendered":"Tennis\u00a0: l\u2019Open d\u2019Australie offrira un million de dollars \u00e0 l\u2019amateur qui remportera un point contre un pro en 2026"},"content":{"rendered":"<p class=\"paragraph text_align_left lp-f-body-02\">Le tennis continue de se r\u00e9inventer. Apr\u00e8s le tournoi <a href=\"https:\/\/www.leparisien.fr\/sports\/tennis\/us-open-errani-et-vavassori-gagnent-le-double-mixte-revisite-la-grande-curiosite-de-cette-annee-21-08-2025-HFDUEDZJWZHYTC5CVWMFQYP6O4.php\" target=\"_blank\" rel=\"noreferrer nofollow noopener\">de double mixte entre stars en amont du tournoi lors de l\u2019US Open<\/a>, au tour de l\u2019Open d\u2019Australie d\u2019innover avec une toute nouvelle comp\u00e9tition. Le patron du premier Grand Chelem de la saison, Craig Tiley, l\u2019a annonc\u00e9 aujourd\u2019hui, r\u00e9v\u00e9lant la cr\u00e9ation d\u2019un concours centr\u00e9 autour des joueurs amateurs durant la semaine de qualifications.<\/p>\n<p class=\"paragraph text_align_left lp-f-body-02\">Le concept est simple : dix joueurs du dimanche, s\u00e9lectionn\u00e9s \u00e0 travers toute l\u2019Australie, auront l\u2019occasion d\u2019affronter 22 professionnels sur un match qui ne durera qu\u2019un seul point. Un \u00ab pierre, papier, ciseaux \u00bb d\u00e9terminera qui sera le serveur, puis le point sera lanc\u00e9. Le vainqueur de ce court \u00e9change poursuivra l\u2019aventure au tour suivant, tandis que le perdant sera \u00e9limin\u00e9 de la comp\u00e9tition.<\/p>\n<p class=\"paragraph text_align_left lp-f-body-02\">L\u2019enjeu est \u00e9norme, avec 1 million de dollars australiens (565 000 euros) \u00e0 la cl\u00e9. Une somme qui pourrait donc revenir \u00e0 un joueur amateur, mais aussi \u00e0 un professionnel. Pour l\u2019instant, seul <a href=\"https:\/\/www.leparisien.fr\/sports\/tennis\/carlos-alcaraz\/\" target=\"_blank\" rel=\"noreferrer nofollow noopener\">Carlos Alcaraz<\/a> a d\u00e9j\u00e0 confirm\u00e9 sa pr\u00e9sence. Le n\u00b0 1 mondial espagnol sera \u00ab la t\u00eate d\u2019affiche de l\u2019\u00e9quipe de joueurs professionnels du point \u00e0 un million \u00bb, a annonc\u00e9 Craig Tiley. D\u2019autres grands noms devraient suivre au vu du prix all\u00e9chant.<\/p>\n","protected":false},"excerpt":{"rendered":"Le tennis continue de se r\u00e9inventer. Apr\u00e8s le tournoi de double mixte entre stars en amont du tournoi&hellip;\n","protected":false},"author":2,"featured_media":446164,"comment_status":"","ping_status":"","sticky":false,"template":"","format":"standard","meta":{"footnotes":""},"categories":[1415],"tags":[1011,27,60,1467],"class_list":{"0":"post-446163","1":"post","2":"type-post","3":"status-publish","4":"format-standard","5":"has-post-thumbnail","7":"category-tennis","8":"tag-fr","9":"tag-france","10":"tag-sports","11":"tag-tennis"},"share_on_mastodon":{"url":"https:\/\/pubeurope.com\/@fr\/115335600712807614","error":""},"_links":{"self":[{"href":"https:\/\/www.europesays.com\/fr\/wp-json\/wp\/v2\/posts\/446163","targetHints":{"allow":["GET"]}}],"collection":[{"href":"https:\/\/www.europesays.com\/fr\/wp-json\/wp\/v2\/posts"}],"about":[{"href":"https:\/\/www.europesays.com\/fr\/wp-json\/wp\/v2\/types\/post"}],"author":[{"embeddable":true,"href":"https:\/\/www.europesays.com\/fr\/wp-json\/wp\/v2\/users\/2"}],"replies":[{"embeddable":true,"href":"https:\/\/www.europesays.com\/fr\/wp-json\/wp\/v2\/comments?post=446163"}],"version-history":[{"count":0,"href":"https:\/\/www.europesays.com\/fr\/wp-json\/wp\/v2\/posts\/446163\/revisions"}],"wp:featuredmedia":[{"embeddable":true,"href":"https:\/\/www.europesays.com\/fr\/wp-json\/wp\/v2\/media\/446164"}],"wp:attachment":[{"href":"https:\/\/www.europesays.com\/fr\/wp-json\/wp\/v2\/media?parent=446163"}],"wp:term":[{"taxonomy":"category","embeddable":true,"href":"https:\/\/www.europesays.com\/fr\/wp-json\/wp\/v2\/categories?post=446163"},{"taxonomy":"post_tag","embeddable":true,"href":"https:\/\/www.europesays.com\/fr\/wp-json\/wp\/v2\/tags?post=446163"}],"curies":[{"name":"wp","href":"https:\/\/api.w.org\/{rel}","templated":true}]}}