{"id":446165,"date":"2025-10-08T00:00:20","date_gmt":"2025-10-08T00:00:20","guid":{"rendered":"https:\/\/www.europesays.com\/fr\/446165\/"},"modified":"2025-10-08T00:00:20","modified_gmt":"2025-10-08T00:00:20","slug":"motogp-apres-laccord-de-bmw-la-date-cruciale-du-premier-test-de-toprak-razgatlioglu-avec-yamaha-est-fixee","status":"publish","type":"post","link":"https:\/\/www.europesays.com\/fr\/446165\/","title":{"rendered":"MotoGP : apr\u00e8s l\u2019accord de BMW, la date cruciale du premier test de Toprak Razgatlioglu avec Yamaha est fix\u00e9e"},"content":{"rendered":"<p><strong>La saison 2025 de Superbike arrive \u00e0 son d\u00e9nouement, et<br \/>\nToprak Razgatlioglu est plus que jamais en position de force pour<br \/>\nd\u00e9crocher un troisi\u00e8me sacre mondial avant de tourner la page et<br \/>\nrejoindre le MotoGP.<\/strong><\/p>\n<p>Le pilote turc, actuel leader du championnat, compte<br \/>\n<strong>36<\/strong> points d\u2019avance sur son rival direct<br \/>\n<strong>Nicol\u00f2 Bulega<\/strong>. \u00c0 deux manches de la fin, l\u2019Italien<br \/>\ndevra r\u00e9aliser un v\u00e9ritable exploit pour priver<br \/>\n<strong>Toprak<\/strong> d\u2019un nouvel accomplissement historique.<\/p>\n<p>La saison se conclura \u00e0 Jerez, du <strong>17 au 19<br \/>\noctobre<\/strong>, o\u00f9 <strong>Razgatlioglu<\/strong> peut sceller sa<br \/>\nl\u00e9gende en WSBK avant de tourner d\u00e9finitivement la page <a href=\"https:\/\/www.paddock-gp.com\/endurance-sylvain-guintoli-un-bol-dor-pour-son-fils-luca-un-combat-heroique-brise-a-28-minutes-de-la-gloire\/\" rel=\"nofollow noopener\" target=\"_blank\"><br \/>\n<strong>BMW<\/strong><\/a>. Le patron de BMW Motorrad Motorsport,<br \/>\n<strong>Sven Blusch<\/strong> l\u2019a confirm\u00e9 \u00e0 Speedweek :<\/p>\n<p>\u00ab <strong>Toprak sera libre d\u2019effectuer des essais apr\u00e8s le<br \/>\ndernier week-end de WSBK<\/strong>, probablement en tenue<br \/>\nneutre. Nous pr\u00e9voyons de le recevoir \u00e0 notre si\u00e8ge pour une visite<br \/>\net finalisons les d\u00e9tails. D\u2019ici Estoril, nous devrions savoir<br \/>\nexactement comment nous allons proc\u00e9der. \u00bb<\/p>\n<p>Une fois son contrat <strong>BMW<\/strong> honor\u00e9, le champion<br \/>\nturc pourra enfourcher pour la premi\u00e8re fois la nouvelle<br \/>\n<strong>Yamaha M1 \u00e0 moteur V4<\/strong>, la moto qu\u2019il pilotera en<br \/>\nMotoGP d\u00e8s 2026 sous les couleurs de <strong>Prima Pramac<br \/>\nYamaha<\/strong>.<\/p>\n<p><img loading=\"lazy\" decoding=\"async\" class=\"aligncenter size-full wp-image-1335059\" src=\"https:\/\/www.europesays.com\/fr\/wp-content\/uploads\/2025\/10\/Topral-R.jpg\" alt=\"Toprak Razgatlioglu \" width=\"680\" height=\"383\"  \/><\/p>\n<p><strong>Premiers tours de roue<br \/>\nprogramm\u00e9s en novembre pour Toprak Razgatlioglu<\/strong><\/p>\n<p>Le plan est clair : apr\u00e8s Jerez, <strong>Razgatlioglu<\/strong><br \/>\ndevrait participer \u00e0 des essais priv\u00e9s <strong>les 9 et 10 novembre<br \/>\n\u00e0 Aragon<\/strong>, puis prendre part au test officiel post-saison<br \/>\nMotoGP \u00e0 <strong>Valence le 18 novembre<\/strong>.<\/p>\n<p>Il s\u2019agira d\u2019un moment cl\u00e9 pour <strong>Yamaha<\/strong>, qui<br \/>\nesp\u00e8re beaucoup de l\u2019arriv\u00e9e de ce pilote au talent explosif et au<br \/>\nstyle de freinage agressif.<\/p>\n<p>Ce ne sera toutefois pas la premi\u00e8re rencontre entre<br \/>\n<strong>Toprak<\/strong> et une <a href=\"https:\/\/www.motogp.com\/en\" rel=\"nofollow noopener\" target=\"_blank\">MotoGP<\/a> : le Turc avait d\u00e9j\u00e0 essay\u00e9<br \/>\nla M1 \u00e0 <strong>Aragon en 2022<\/strong> puis \u00e0 <strong>Jerez en<br \/>\n2023<\/strong>\u2026 sans que ces tests ne marquent les esprits. \u00c0<br \/>\nl\u2019\u00e9poque, la M1 \u00e9tait critiqu\u00e9e pour son manque de puissance et ses<br \/>\nlimites a\u00e9rodynamiques.<\/p>\n<p>Depuis, <strong>Yamaha<\/strong> a radicalement fait \u00e9voluer son<br \/>\nprototype et pr\u00e9pare sa r\u00e9volution V4 pour revenir au sommet.<\/p>\n<p>Malgr\u00e9 son immense talent, la transition vers le MotoGP reste un<br \/>\nd\u00e9fi redoutable. Les motos sont plus puissantes, plus<br \/>\n\u00e9lectroniques, et le style de pilotage doit \u00eatre profond\u00e9ment<br \/>\nadapt\u00e9.<\/p>\n<p><strong>Toprak<\/strong> le sait : en Superbike, son freinage<br \/>\ntardif et ses entr\u00e9es de virage brutales font la diff\u00e9rence. En<br \/>\nMotoGP, il devra apprivoiser une machine bien plus exigeante sur la<br \/>\ngestion des pneus, l\u2019a\u00e9ro et l\u2019\u00e9lectronique.<\/p>\n<p>Mais s\u2019il y a bien un pilote qui ne craint pas les d\u00e9fis, c\u2019est<br \/>\nlui. Le Turc l\u2019a montr\u00e9 tout au long de sa carri\u00e8re, en renversant<br \/>\nles pronostics face aux <strong>Ducati<\/strong> d\u2019usine et en<br \/>\nportant <strong>BMW<\/strong> \u00e0 un niveau que peu imaginaient.<\/p>\n<p>L\u2019arriv\u00e9e de <strong>Razgatlioglu<\/strong> en MotoGP ne sera pas<br \/>\nseulement un transfert spectaculaire : c\u2019est un pari strat\u00e9gique<br \/>\npour <a href=\"https:\/\/www.paddock-gp.com\/motogp-sur-la-yamaha-v4-fabio-quartararo-manque-tout-simplement-de-patience-mais-qui-a-dit-ca\/\" rel=\"nofollow noopener\" target=\"_blank\"><br \/>\n<strong>Yamaha<\/strong><\/a>. La marque d\u2019Iwata, humili\u00e9e cette<br \/>\nsaison par <strong>Ducati, Aprilia<\/strong> et m\u00eame<br \/>\n<strong>Honda<\/strong> voit en Toprak un catalyseur capable de<br \/>\nramener l\u2019agressivit\u00e9 et la cr\u00e9ativit\u00e9 dont elle manque<br \/>\ncruellement.<\/p>\n<p>Son style spectaculaire pourrait devenir l\u2019arme secr\u00e8te de la<br \/>\nnouvelle <strong>M1 V4<\/strong>, mais tout d\u00e9pendra du niveau r\u00e9el<br \/>\nde la moto. Apr\u00e8s des ann\u00e9es d\u2019errance technique,<br \/>\n<strong>Yamaha<\/strong> doit absolument livrer une machine<br \/>\ncomp\u00e9titive pour ne pas g\u00e2cher l\u2019audace de ce pari.<\/p>\n<p>Pour Toprak il faut finir son aventure Superbike avec un<br \/>\ntroisi\u00e8me titre, puis tenter l\u2019un des paris les plus risqu\u00e9s du<br \/>\npaddock en passant sur une MotoGP <strong>Yamaha<\/strong> encore en<br \/>\nreconstruction.<\/p>\n<p>Pour <strong>Yamaha<\/strong> il s\u2019agira de sauver son honneur et<br \/>\nprouver qu\u2019elle peut redevenir un acteur majeur, en s\u2019appuyant sur<br \/>\nun pilote au style unique qui ne craint pas de d\u00e9fier les g\u00e9ants<br \/>\n<strong>Ducati<\/strong> et <strong>Aprilia<\/strong>.<\/p>\n<p>Le dernier acte de 2025 sera crucial : si<br \/>\n<strong>Toprak<\/strong> <strong>Razgatlioglu<\/strong> d\u00e9croche un<br \/>\nnouveau titre avant de monter sur la M1, le symbole sera fort \u2014 un<br \/>\nchampion pr\u00eat \u00e0 relever un d\u00e9fi titanesque, et une<br \/>\n<strong>Yamaha<\/strong> qui n\u2019a plus droit \u00e0 l\u2019erreur.<\/p>\n<p><img decoding=\"async\" class=\"aligncenter\" src=\"https:\/\/www.europesays.com\/fr\/wp-content\/uploads\/2025\/10\/Toprak-Razgatlioglu-Sven-Blusch-BMW-Superbike-SBK-723x482.jpg.webp.webp\" alt=\"Toprak Razgatlioglu pilote BMW Superbike et Sven Blusch\"\/><\/p>\n<p>\u00a0<\/p>\n","protected":false},"excerpt":{"rendered":"La saison 2025 de Superbike arrive \u00e0 son d\u00e9nouement, et Toprak Razgatlioglu est plus que jamais en position&hellip;\n","protected":false},"author":2,"featured_media":446166,"comment_status":"","ping_status":"","sticky":false,"template":"","format":"standard","meta":{"footnotes":""},"categories":[1413],"tags":[1011,27,1457,1456,60],"class_list":{"0":"post-446165","1":"post","2":"type-post","3":"status-publish","4":"format-standard","5":"has-post-thumbnail","7":"category-moto","8":"tag-fr","9":"tag-france","10":"tag-moto","11":"tag-motocycle","12":"tag-sports"},"share_on_mastodon":{"url":"https:\/\/pubeurope.com\/@fr\/115335609222159184","error":""},"_links":{"self":[{"href":"https:\/\/www.europesays.com\/fr\/wp-json\/wp\/v2\/posts\/446165","targetHints":{"allow":["GET"]}}],"collection":[{"href":"https:\/\/www.europesays.com\/fr\/wp-json\/wp\/v2\/posts"}],"about":[{"href":"https:\/\/www.europesays.com\/fr\/wp-json\/wp\/v2\/types\/post"}],"author":[{"embeddable":true,"href":"https:\/\/www.europesays.com\/fr\/wp-json\/wp\/v2\/users\/2"}],"replies":[{"embeddable":true,"href":"https:\/\/www.europesays.com\/fr\/wp-json\/wp\/v2\/comments?post=446165"}],"version-history":[{"count":0,"href":"https:\/\/www.europesays.com\/fr\/wp-json\/wp\/v2\/posts\/446165\/revisions"}],"wp:featuredmedia":[{"embeddable":true,"href":"https:\/\/www.europesays.com\/fr\/wp-json\/wp\/v2\/media\/446166"}],"wp:attachment":[{"href":"https:\/\/www.europesays.com\/fr\/wp-json\/wp\/v2\/media?parent=446165"}],"wp:term":[{"taxonomy":"category","embeddable":true,"href":"https:\/\/www.europesays.com\/fr\/wp-json\/wp\/v2\/categories?post=446165"},{"taxonomy":"post_tag","embeddable":true,"href":"https:\/\/www.europesays.com\/fr\/wp-json\/wp\/v2\/tags?post=446165"}],"curies":[{"name":"wp","href":"https:\/\/api.w.org\/{rel}","templated":true}]}}