{"id":446170,"date":"2025-10-08T00:03:11","date_gmt":"2025-10-08T00:03:11","guid":{"rendered":"https:\/\/www.europesays.com\/fr\/446170\/"},"modified":"2025-10-08T00:03:11","modified_gmt":"2025-10-08T00:03:11","slug":"de-lincomprehension-et-une-forme-de-trahison-adrien-rabiot-revient-sur-son-depart-de-lom-lequipe","status":"publish","type":"post","link":"https:\/\/www.europesays.com\/fr\/446170\/","title":{"rendered":"\u00ab De l&#039;incompr\u00e9hension et une forme de trahison \u00bb : Adrien Rabiot revient sur son d\u00e9part de l&#039;OM &#8211; L&#039;\u00c9quipe"},"content":{"rendered":"<ol>\n<li><a href=\"https:\/\/news.google.com\/rss\/articles\/CBMi2gFBVV95cUxNRE96ZEstRkhYYjk0bjE1Ri1vclAwVWExU3NWU1I4dFIxRG04NnE3SFpMSDlCWDRhaDR6ZndfVGlaczgxS2sySWo2X3hDdS1FRUpsZkp6eTVEM0VkdmdNSkZ4TUx0NFdnbjBWQ0VvZWpieFJqeGUwMFRCS0NmRDBjNXhXNDc2SWI5aEptaDJuUmt4b1l2RC0ybUpnYXo5d0JzbWFoNzdKZEdncTZwdHVROEVxRnY2RHZ1S3VwN1hwbHpCZkQxMF9xbjRIalZ3OGwyZkN5RDVYNnoydw?oc=5\" target=\"_blank\" rel=\"nofollow noopener\">\u00ab De l&rsquo;incompr\u00e9hension et une forme de trahison \u00bb : Adrien Rabiot revient sur son d\u00e9part de l&rsquo;OM<\/a>&nbsp;&nbsp;L&rsquo;\u00c9quipe<\/li>\n<li><a href=\"https:\/\/news.google.com\/rss\/articles\/CBMi8wFBVV95cUxNYU12UDFMTUxYbndoaVRIblNaUEVUMVRRYzVwSDV6RHFrZHk1T2xIY0UyUjBQNkNVZFJnelZDdVAzSWh6VHR3Tktid0RLSkU1aWFFNmFRUmV6SUZWcjN2TGZpa0swdm9zWjRRTDlyUV8xclNoei1Kdjl3Sm1qYzJMNlBJVTZWaFFoeUxWRGFkQ09FOGFZYml0X1hmRWE5c0RwdHBOend0V3poY1E3Y2xsUDRuRklMY0c2Sm5PTV9yQjVZcjRKZ2lzczBoNl9ydWo4VmRSUnQxZ2ttUENhUy1sZy1zd21VemZEYlQxRkVYYWZfQWM?oc=5\" target=\"_blank\" rel=\"nofollow noopener\">DOCUMENT RTL\/M6 &#8211; \u00ab\u00a0De l&rsquo;incompr\u00e9hension et une forme de trahison\u00a0\u00bb : Adrien Rabiot sort du silence apr\u00e8s son d\u00e9part de l&rsquo;OM<\/a>&nbsp;&nbsp;RTL.fr<\/li>\n<li><a href=\"https:\/\/news.google.com\/rss\/articles\/CBMi2AFBVV95cUxQQ0NmVUJ2cWtraTN4ZU1tVVFmVGRnWXRBbUN4c09xNHpCX3FtaEVMR1hfYzVQb3J5RzhRc2NXMURiU1diY1Z0eHZfZUpYaWxxNGZJNXotM29zMUhPencwSmNHNWZGUldMZ3FfTkJLT1dRTlF4WDhnaklQY0RIalJpRWkwYjVOZzRpNjhBbzR0bFRvLV9qUk90d1lHWkhTWjlhZ0haMThQRm1OVHExLTJZc2tHZ3B5NDJtZ0VudDZIWkJrVzRNQy1nWkoweFhaZ3Z0bHZwWmJqcjQ?oc=5\" target=\"_blank\" rel=\"nofollow noopener\">Adrien Rabiot revient sur son d\u00e9part de l&rsquo;OM : \u00ab\u00a0Une forme de trahison\u00a0\u00bb<\/a>&nbsp;&nbsp;Eurosport<\/li>\n<li><a href=\"https:\/\/news.google.com\/rss\/articles\/CBMi4AFBVV95cUxQbFZsQXk5TUszcko0NXoyaFM3TGROdlViUW13aG9BdmU1c05iWnRpNVJQbTNJTWdlYXpFSXBKazlETS1fZjFLNlpCWkp1NkQtTjZXa0dpUEVYQ3dyaXU5ejBhRXZQX0d2WTJQZmRReTIwazJjYjFMOEp0cGMzZ0lzMk96cHR3TUVfYVhyTGgwaTBTOWpGWTFnc18zbTNZZTZ4LUtTb2doVkVLQjFNWEZpVmRvZE93MHVnanRPREJRXzlONkFMVlduMnR5Z2QzbFhTSURhcTZrcWEyM1RzYjd4VNIB5gFBVV95cUxPMEQxNkV1NTRocjItd2x1ODNEUk94NVdqQ2JtbmNJU2FqZ3FMUWhRWE9fY3lYbW1LUFdjZFdtOTI2cUtwWTNpWmZHeGhlUXVyYTBDUHFmN1JmN000eWJCMTA1UEFjOUhwX3FKLUdTWHZOSmJrTnlfX1UxTmttUmFRTmJoczlJR281U2dfNk0ta2VpdTZxS2dXX2tXYVIwLU1QWEUwV0NaUFRXRGdXY1h5VXhRZGd2WHp0ZjFrRkkzdENUVktvWGZaTUhGaDg2TUJxa2oyNmx5dTRQN0ZvYy1jOEw1NTRWZw?oc=5\" target=\"_blank\" rel=\"nofollow noopener\">Messi voit un autre de ses copains partir \u00e0 la retraite<\/a>&nbsp;&nbsp;Boursorama<\/li>\n<li><a href=\"https:\/\/news.google.com\/rss\/articles\/CBMiwAFBVV95cUxOMGM3X3M1cTJSbklhSGJCODh5VldtSlBJQ004Ylc5Rm1CelFrdUJabVMtUTJqY3ZUdnp5dnVSVTQwb0t2dGFlQmFfcmE2M09rVEtFM2ZWSnFFdHFVMmRmRkdXRDdLdHdSMHBsRUVjN0RndlF3cVdFdzk4aThDN1lrYkZwa2ZhNEFQczNLSHAyMjBUSHVSTjVjOVk3eTZUZ0tMSklHOXl4Mm1zWW5scEYyZVpkM0J0S3Vva3JkQUZ6VEE?oc=5\" target=\"_blank\" rel=\"nofollow noopener\">Adrien Rabiot balance de nouvelles r\u00e9v\u00e9lations sur son d\u00e9part forc\u00e9 de l\u2019OM<\/a>&nbsp;&nbsp;Foot Mercato<\/li>\n<\/ol>\n","protected":false},"excerpt":{"rendered":"\u00ab De l&rsquo;incompr\u00e9hension et une forme de trahison \u00bb : Adrien Rabiot revient sur son d\u00e9part de l&rsquo;OM&nbsp;&nbsp;L&rsquo;\u00c9quipe&hellip;\n","protected":false},"author":2,"featured_media":446171,"comment_status":"","ping_status":"","sticky":false,"template":"","format":"standard","meta":{"footnotes":""},"categories":[1410],"tags":[63,1011,27,60],"class_list":{"0":"post-446170","1":"post","2":"type-post","3":"status-publish","4":"format-standard","5":"has-post-thumbnail","7":"category-football","8":"tag-football","9":"tag-fr","10":"tag-france","11":"tag-sports"},"share_on_mastodon":{"url":"https:\/\/pubeurope.com\/@fr\/115335620461218291","error":""},"_links":{"self":[{"href":"https:\/\/www.europesays.com\/fr\/wp-json\/wp\/v2\/posts\/446170","targetHints":{"allow":["GET"]}}],"collection":[{"href":"https:\/\/www.europesays.com\/fr\/wp-json\/wp\/v2\/posts"}],"about":[{"href":"https:\/\/www.europesays.com\/fr\/wp-json\/wp\/v2\/types\/post"}],"author":[{"embeddable":true,"href":"https:\/\/www.europesays.com\/fr\/wp-json\/wp\/v2\/users\/2"}],"replies":[{"embeddable":true,"href":"https:\/\/www.europesays.com\/fr\/wp-json\/wp\/v2\/comments?post=446170"}],"version-history":[{"count":0,"href":"https:\/\/www.europesays.com\/fr\/wp-json\/wp\/v2\/posts\/446170\/revisions"}],"wp:featuredmedia":[{"embeddable":true,"href":"https:\/\/www.europesays.com\/fr\/wp-json\/wp\/v2\/media\/446171"}],"wp:attachment":[{"href":"https:\/\/www.europesays.com\/fr\/wp-json\/wp\/v2\/media?parent=446170"}],"wp:term":[{"taxonomy":"category","embeddable":true,"href":"https:\/\/www.europesays.com\/fr\/wp-json\/wp\/v2\/categories?post=446170"},{"taxonomy":"post_tag","embeddable":true,"href":"https:\/\/www.europesays.com\/fr\/wp-json\/wp\/v2\/tags?post=446170"}],"curies":[{"name":"wp","href":"https:\/\/api.w.org\/{rel}","templated":true}]}}