{"id":446187,"date":"2025-10-08T00:12:24","date_gmt":"2025-10-08T00:12:24","guid":{"rendered":"https:\/\/www.europesays.com\/fr\/446187\/"},"modified":"2025-10-08T00:12:24","modified_gmt":"2025-10-08T00:12:24","slug":"meghan-markle-a-paris-cette-visite-remarquee-que-nauraient-pas-vraiment-apprecie-william-et-charles-iii","status":"publish","type":"post","link":"https:\/\/www.europesays.com\/fr\/446187\/","title":{"rendered":"Meghan Markle \u00e0 Paris : cette visite remarqu\u00e9e que n\u2019auraient pas vraiment appr\u00e9ci\u00e9 William et Charles III"},"content":{"rendered":"<p>C\u2019est une <strong>apparition<\/strong>\u00a0qui a<br \/>\n<strong>surpris<\/strong> tout le monde. Ce samedi 4 octobre,<br \/>\n<a href=\"https:\/\/www.closermag.fr\/royautes\/meghan-markle-filme-son-passage-devant-le-pont-de-lalma-ou-lady-di-est-morte-et-ce-quelle-fait-est-a-peine-croyable-3584616\" target=\"_blank\" rel=\"noopener\"><br \/>\nMeghan Markle<\/a> a fait une entr\u00e9e remarqu\u00e9e \u00e0<br \/>\n<strong>Paris<\/strong> pour assister au <strong>d\u00e9fil\u00e9<\/strong> de<br \/>\nBalenciaga en pleine Fashion Week.<br \/>\n<strong>Radieuse<\/strong> dans une tenue noire sign\u00e9e de la maison<br \/>\nde couture, la <a href=\"https:\/\/www.closermag.fr\/royautes\/meghan-markle-a-paris-son-comportement-deconcertant-decrypte-par-un-expert-3585008\" target=\"_blank\" rel=\"noopener\"><br \/>\nduchesse de Sussex<\/a> a attir\u00e9 tous les <strong>regards<\/strong><br \/>\nmais aussi suscit\u00e9 quelques <strong>crispations<\/strong> du c\u00f4t\u00e9 de<br \/>\nBuckingham Palace.<\/p>\n<p>Selon les informations du Daily Beast, cette venue<br \/>\n\u201ctotalement <strong>inattendue<\/strong>\u201d a provoqu\u00e9<br \/>\nquelques <strong>remous<\/strong> au sein de la famille royale. Le<br \/>\nroi <a href=\"https:\/\/www.closermag.fr\/royautes\/prince-harry-la-ligne-rouge-franchie-la-reconciliation-avec-charles-iii-compromise-3584741\" target=\"_blank\" rel=\"noopener\"><br \/>\nCharles III<\/a> et le <a href=\"https:\/\/www.closermag.fr\/royautes\/prince-william-cette-saine-competition-quil-encourage-entre-deux-de-ses-enfants-3585067\" target=\"_blank\" rel=\"noopener\"><br \/>\nprince William<\/a> n\u2019auraient \u201c<strong>pas sp\u00e9cialement<br \/>\nappr\u00e9ci\u00e9 sa pr\u00e9sence en Europe<\/strong>\u201d r\u00e9v\u00e8le un ancien<br \/>\ncourtisan. Apr\u00e8s plusieurs ann\u00e9es <strong>d\u2019\u00e9loignement<\/strong> du<br \/>\nVieux Continent, le <strong>retour de Meghan Markle<\/strong> \u00e0<br \/>\nParis a raviv\u00e9 les <strong>sp\u00e9culations<\/strong> autour de sa<br \/>\nrelation <strong>tendue<\/strong> avec la monarchie britannique.<\/p>\n<p><img loading=\"lazy\" decoding=\"async\" aria-describedby=\"caption-attachment-3441406\" itemprop=\"thumbnailUrl\" class=\"size-large wp-image-3441406 img-responsive\" src=\"https:\/\/www.europesays.com\/fr\/wp-content\/uploads\/2025\/10\/bestimage_00421475_000019-1-1-1024x695.jpg\" alt=\"&lt;p&gt;Meghan Markle \u00e0 Paris : cette visite remarqu\u00e9e que n\u2019auraient pas vraiment appr\u00e9ci\u00e9 William et Charles III&lt;\/p&gt;\" width=\"1024\" height=\"695\"\/> \u00a9 bestimage<\/p>\n<p id=\"caption-attachment-3441406\" class=\"wp-caption-text\">Meghan<br \/>\nMarkle \u00e0 Paris : cette visite remarqu\u00e9e que n\u2019auraient pas vraiment<br \/>\nappr\u00e9ci\u00e9 William et Charles III<\/p>\n<p>\u201cS\u2019ils comptent vraiment passer plus de temps ici, cela<br \/>\nchange tout\u201d :\u00a0le retour de Meghan Markle fait d\u00e9bat<\/p>\n<p>D\u2019apr\u00e8s cet ex-courtisan cit\u00e9 par le Daily Beast, la<br \/>\nvenue de Meghan Markle en Europe aurait \u201c<strong>fortement<br \/>\ninqui\u00e9t\u00e9 le palais de Buckingham<\/strong>\u201d. Et pour cause : la<br \/>\nduchesse n\u2019avait plus mis les pieds sur le continent <strong>depuis<br \/>\nles fun\u00e9railles de la reine Elizabeth II<\/strong> en septembre<br \/>\n2022. \u201cS\u2019ils comptent vraiment <strong>passer plus de temps<br \/>\nici, cela change tout<\/strong>.\u201d confie-t-il, sous-entendant<br \/>\nun possible <strong>rapprochement<\/strong> du couple Sussex avec la<br \/>\nsph\u00e8re royale.<\/p>\n<p>Selon plusieurs sources, cette escapade parisienne intervient<br \/>\nalors que le <a href=\"https:\/\/www.closermag.fr\/royautes\/harry-materne-par-meghan-des-tensions-dans-lintimite-des-sussex-3584327\" target=\"_blank\" rel=\"noopener\"><br \/>\nprince Harry<\/a> aurait <strong>l\u2019intention de revenir plus souvent<br \/>\nen Europe<\/strong> pour passer du temps aupr\u00e8s de son <strong>p\u00e8re,<br \/>\natteint d\u2019un cancer,<\/strong> et renouer le <strong>dialogue avec<br \/>\nson fr\u00e8re, le prince William.<\/strong> Dans ce contexte, la<br \/>\n<strong>pr\u00e9sence de Meghan Markle \u00e0 Paris<\/strong> \u00e0 quelques<br \/>\nheures de vol de Londres ne serait <strong>pas anodine<\/strong>.<br \/>\nCertains observateurs y voient un signe<br \/>\n<strong>d\u2019ouverture<\/strong>, d\u2019autres une <strong>provocation<br \/>\nsubtile.<\/strong><\/p>\n<p>Une \u201cbourde\u201d \u00e0 Paris qui fait<br \/>\npol\u00e9mique<\/p>\n<p>Mais cette visite n\u2019a pas \u00e9t\u00e9 exempte de<br \/>\n<strong>pol\u00e9mique<\/strong>. Comme le rapporte le journaliste Tom<br \/>\nSykes, Meghan Markle aurait choisi \u201cun terrain <strong>neutre :<br \/>\nl\u2019Europe continentale, glamour mais \u00e0 distance de la politique<br \/>\nroyal<\/strong><strong>e<\/strong>\u201d. Pourtant, la duchesse a<br \/>\nd\u00e9clench\u00e9 une vague <strong>d\u2019indignation<\/strong> apr\u00e8s avoir<br \/>\npubli\u00e9 une vid\u00e9o d\u2019elle dans une <strong>limousine<\/strong><br \/>\ncirculant pr\u00e8s du <strong>pont de l\u2019Alma,<\/strong> lieu<br \/>\ntragiquement associ\u00e9 \u00e0 la <strong>mort de Lady Diana.<\/strong><\/p>\n<p>Des internautes ont jug\u00e9 cette s\u00e9quence \u201c<strong>de tr\u00e8s<br \/>\nmauvais go\u00fbt<\/strong>\u201d, l\u2019accusant de s\u2019\u00eatre<br \/>\n\u201c<strong>pavan\u00e9e<\/strong>\u201d dans un lieu symbolique et<br \/>\n<strong>douloureux<\/strong> pour la famille royale. Interrog\u00e9e par<br \/>\nNewsweek, une proche de la duchesse s\u2019est indign\u00e9e.<br \/>\n\u201cIls ont choisi, de mani\u00e8re totalement<br \/>\n<strong>exag\u00e9r\u00e9e<\/strong>, d\u2019\u00e9tablir le lien le plus t\u00e9nu<br \/>\n<strong>entre une publication Instagram et la mort de la m\u00e8re de<br \/>\nHarry<\/strong>. C\u2019est l\u00e0, pour moi, le point le plus<br \/>\n<strong>insensible<\/strong>.\u201d Selon cette m\u00eame source, Meghan<br \/>\nMarkle \u201c<strong>ignorait la proximit\u00e9 du tunnel du pont de<br \/>\nl\u2019Alma<\/strong>\u201d et n\u2019avait \u201c<strong>aucune intention de<br \/>\nprovoquer une telle r\u00e9action<\/strong>\u201d.<\/p>\n","protected":false},"excerpt":{"rendered":"C\u2019est une apparition\u00a0qui a surpris tout le monde. Ce samedi 4 octobre, Meghan Markle a fait une entr\u00e9e&hellip;\n","protected":false},"author":2,"featured_media":446188,"comment_status":"","ping_status":"","sticky":false,"template":"","format":"standard","meta":{"footnotes":""},"categories":[8],"tags":[581,58,59,1011,27,908,3936],"class_list":{"0":"post-446187","1":"post","2":"type-post","3":"status-publish","4":"format-standard","5":"has-post-thumbnail","7":"category-divertissement","8":"tag-charles-iii","9":"tag-divertissement","10":"tag-entertainment","11":"tag-fr","12":"tag-france","13":"tag-meghan-markle","14":"tag-prince-william"},"share_on_mastodon":{"url":"https:\/\/pubeurope.com\/@fr\/115335656059869962","error":""},"_links":{"self":[{"href":"https:\/\/www.europesays.com\/fr\/wp-json\/wp\/v2\/posts\/446187","targetHints":{"allow":["GET"]}}],"collection":[{"href":"https:\/\/www.europesays.com\/fr\/wp-json\/wp\/v2\/posts"}],"about":[{"href":"https:\/\/www.europesays.com\/fr\/wp-json\/wp\/v2\/types\/post"}],"author":[{"embeddable":true,"href":"https:\/\/www.europesays.com\/fr\/wp-json\/wp\/v2\/users\/2"}],"replies":[{"embeddable":true,"href":"https:\/\/www.europesays.com\/fr\/wp-json\/wp\/v2\/comments?post=446187"}],"version-history":[{"count":0,"href":"https:\/\/www.europesays.com\/fr\/wp-json\/wp\/v2\/posts\/446187\/revisions"}],"wp:featuredmedia":[{"embeddable":true,"href":"https:\/\/www.europesays.com\/fr\/wp-json\/wp\/v2\/media\/446188"}],"wp:attachment":[{"href":"https:\/\/www.europesays.com\/fr\/wp-json\/wp\/v2\/media?parent=446187"}],"wp:term":[{"taxonomy":"category","embeddable":true,"href":"https:\/\/www.europesays.com\/fr\/wp-json\/wp\/v2\/categories?post=446187"},{"taxonomy":"post_tag","embeddable":true,"href":"https:\/\/www.europesays.com\/fr\/wp-json\/wp\/v2\/tags?post=446187"}],"curies":[{"name":"wp","href":"https:\/\/api.w.org\/{rel}","templated":true}]}}