{"id":446211,"date":"2025-10-08T00:25:14","date_gmt":"2025-10-08T00:25:14","guid":{"rendered":"https:\/\/www.europesays.com\/fr\/446211\/"},"modified":"2025-10-08T00:25:14","modified_gmt":"2025-10-08T00:25:14","slug":"previsions-du-mercredi-8-octobre-2025-10","status":"publish","type":"post","link":"https:\/\/www.europesays.com\/fr\/446211\/","title":{"rendered":"pr\u00e9visions du mercredi 8 octobre 2025"},"content":{"rendered":"<p class=\"mb-4 text-lg md:leading-8 break-words\"><strong>M\u00e9t\u00e9o &#8211; Le soleil sera au rendez-vous : une magnifique journ\u00e9e se pr\u00e9sente ! Les temp\u00e9ratures seront de 18\u00b0C la matin\u00e9e et de 20\u00b0C l&rsquo;apr\u00e8s-midi&#8230;<\/strong><\/p>\n<p class=\"mb-4 text-lg md:leading-8 break-words\">Un splendide soleil brillera sur Montpellier, o\u00f9 la journ\u00e9e sera des plus plaisantes. Les temp\u00e9ratures afficheront entre 14 et 21\u00b0C. Le matin, un vent de nord-est rafra\u00eechira un peu l&rsquo;atmosph\u00e8re. Les valeurs seront comprises entre 18 et 21\u00b0C l&rsquo;apr\u00e8s-midi. Des \u00e9claircies feront leur apparition dans la soir\u00e9e. Les temp\u00e9ratures seront de 17\u00b0C. La nuit sera claire.<\/p>\n<p class=\"mb-4 text-lg md:leading-8 break-words\">Pour Montpellier, un temps plus chaud est \u00e0 pr\u00e9voir demain puisque le mercure va conna\u00eetre une hausse. Il fera en moyenne 19\u00b0C. Cette matin\u00e9e rimera avec beau soleil. Il va faire 18\u00b0C en moyenne. Un vent de nord soufflera l\u00e9g\u00e8rement, avec 4 km\/h. La m\u00e9t\u00e9o devrait s&rsquo;am\u00e9liorer pendant l&rsquo;apr\u00e8s-midi. Les valeurs s&rsquo;\u00e9chelonneront entre 19\u00b0C et 22\u00b0C. Dans la soir\u00e9e, les temp\u00e9ratures seront de 19\u00b0C. Une modeste brise de nord-ouest sera ressentie par les habitants.<\/p>\n<p class=\"mb-4 text-lg md:leading-8 break-words\">Pour les jours qui suivent, le temps ne bougera pas. Une m\u00e9t\u00e9o ensoleill\u00e9e, pour des temp\u00e9ratures de 20\u00b0C environ, est attendue.<\/p>\n<p class=\"mb-4 text-lg md:leading-8 break-words\"><a href=\"https:\/\/www.20minutes.fr\/planete\/previsions-meteo\/4177831-20251008-meteo-montpellier-previsions-mercredi-8-octobre-2025?at_medium=RSS%20feed&amp;at_campaign=ynews&amp;utm_source=yahoo&amp;utm_medium=rss&amp;utm_campaign=news_feed&amp;utm_content=read_more_link&quot;\" rel=\"nofollow noopener\" target=\"_blank\" data-ylk=\"slk:Lire la suite sur 20minutes;elm:context_link;itc:0;sec:content-canvas\" class=\"link \">Lire la suite sur 20minutes<\/a><\/p>\n","protected":false},"excerpt":{"rendered":"M\u00e9t\u00e9o &#8211; Le soleil sera au rendez-vous : une magnifique journ\u00e9e se pr\u00e9sente ! Les temp\u00e9ratures seront de&hellip;\n","protected":false},"author":2,"featured_media":446212,"comment_status":"","ping_status":"","sticky":false,"template":"","format":"standard","meta":{"footnotes":""},"categories":[9599],"tags":[1111,11,1777,674,1011,27,2487,2208,12,2680,25],"class_list":{"0":"post-446211","1":"post","2":"type-post","3":"status-publish","4":"format-standard","5":"has-post-thumbnail","7":"category-montpellier","8":"tag-actu","9":"tag-actualites","10":"tag-eu","11":"tag-europe","12":"tag-fr","13":"tag-france","14":"tag-meteo","15":"tag-montpellier","16":"tag-news","17":"tag-occitanie","18":"tag-republique-francaise"},"share_on_mastodon":{"url":"https:\/\/pubeurope.com\/@fr\/115335706906700757","error":""},"_links":{"self":[{"href":"https:\/\/www.europesays.com\/fr\/wp-json\/wp\/v2\/posts\/446211","targetHints":{"allow":["GET"]}}],"collection":[{"href":"https:\/\/www.europesays.com\/fr\/wp-json\/wp\/v2\/posts"}],"about":[{"href":"https:\/\/www.europesays.com\/fr\/wp-json\/wp\/v2\/types\/post"}],"author":[{"embeddable":true,"href":"https:\/\/www.europesays.com\/fr\/wp-json\/wp\/v2\/users\/2"}],"replies":[{"embeddable":true,"href":"https:\/\/www.europesays.com\/fr\/wp-json\/wp\/v2\/comments?post=446211"}],"version-history":[{"count":0,"href":"https:\/\/www.europesays.com\/fr\/wp-json\/wp\/v2\/posts\/446211\/revisions"}],"wp:featuredmedia":[{"embeddable":true,"href":"https:\/\/www.europesays.com\/fr\/wp-json\/wp\/v2\/media\/446212"}],"wp:attachment":[{"href":"https:\/\/www.europesays.com\/fr\/wp-json\/wp\/v2\/media?parent=446211"}],"wp:term":[{"taxonomy":"category","embeddable":true,"href":"https:\/\/www.europesays.com\/fr\/wp-json\/wp\/v2\/categories?post=446211"},{"taxonomy":"post_tag","embeddable":true,"href":"https:\/\/www.europesays.com\/fr\/wp-json\/wp\/v2\/tags?post=446211"}],"curies":[{"name":"wp","href":"https:\/\/api.w.org\/{rel}","templated":true}]}}