{"id":446225,"date":"2025-10-08T00:35:14","date_gmt":"2025-10-08T00:35:14","guid":{"rendered":"https:\/\/www.europesays.com\/fr\/446225\/"},"modified":"2025-10-08T00:35:14","modified_gmt":"2025-10-08T00:35:14","slug":"french-tech-cote-dazur-betty-seroussi-demissionne","status":"publish","type":"post","link":"https:\/\/www.europesays.com\/fr\/446225\/","title":{"rendered":"French Tech C\u00f4te d&rsquo;Azur : Betty Seroussi d\u00e9missionne"},"content":{"rendered":"<p>\t\t\t\t\t\t\t\tSuite \u00e0 l&rsquo;\u00e9pisode judiciaire qui a touch\u00e9 la semaine derni\u00e8re son entreprise, Betty Seroussi, fondatrice de Travel Planet et copr\u00e9sidente de la French Tech C\u00f4te d&rsquo;Azur, a choisi de d\u00e9missionner du collectif azur\u00e9en.\t\t\t\t\t\t\t<\/p>\n<p>\u00a0<\/p>\n<p style=\"text-align: justify;\">Episode douloureux pour la French Tech C\u00f4te d&rsquo;Azur, que Betty Seroussi\u00a0copr\u00e9sidait depuis fin 2023, qui a devanc\u00e9 l&rsquo;appel concernant ses fonctions au sein du collectif <a href=\"https:\/\/tribuca.net\/actualites_152317114-des-collaborateurs-de-travel-planet-en-garde-a-vue-pour-trois-chefs-daccusation\" target=\"_blank\" rel=\"nofollow noopener\"><strong>suite \u00e0 sa mise en garde \u00e0 vue<\/strong><\/a>\u00a0puis de sa mise en examen pour\u00a0\u00abescroquerie\u00bb, \u00ababus de bien social\u00bb et \u00abblanchiment\u00bb.\u00a0 Ce 7 octobre, l\u2019association a pris acte de sa d\u00e9mission, transmise la veille, que le Conseil d\u2019administration a accept\u00e9e. \u00ab\u00a0Cette d\u00e9cision, prise en concertation, a pour objectif de pr\u00e9server la s\u00e9r\u00e9nit\u00e9 et l\u2019int\u00e9grit\u00e9 des travaux de l\u2019association dans un contexte sensible. Le Conseil d\u2019administration souhaite exprimer sa position avec clart\u00e9 et responsabilit\u00e9 en rappelant que notre association, ind\u00e9pendante et \u00e0 but non lucratif, distingue strictement les activit\u00e9s professionnelles de ses membres de leur engagement b\u00e9n\u00e9vole. Dans l\u2019attente du renouvellement du Conseil d\u2019administration pr\u00e9vu en novembre 2025, \u00c9lodie Bondi, jusqu\u2019alors copr\u00e9sidente, assurera seule la pr\u00e9sidence de la French Tech C\u00f4te d\u2019Azur. Elle devient, \u00e0 ce titre, l\u2019unique point de contact pour toute question relative \u00e0 la gouvernance de l\u2019association. Dans l\u2019intervalle, nous poursuivrons nos missions avec rigueur et engagement au service de nos membres et de l\u2019\u00e9cosyst\u00e8me de la French Tech C\u00f4te d\u2019Azur en privil\u00e9giant les dynamiques collectives\u00a0\u00bb, pr\u00e9cise un communiqu\u00e9 re\u00e7u ce 7 octobre. Pour rappel, le renouvellement de la gouvernance est programm\u00e9 pour novembre. Betty Seroussi, un temps positionn\u00e9e pour un second mandat (seule cette fois), s&rsquo;\u00e9tait retir\u00e9e du jeu il y a quelques semaines.<\/p>\n","protected":false},"excerpt":{"rendered":"Suite \u00e0 l&rsquo;\u00e9pisode judiciaire qui a touch\u00e9 la semaine derni\u00e8re son entreprise, Betty Seroussi, fondatrice de Travel Planet&hellip;\n","protected":false},"author":2,"featured_media":446226,"comment_status":"","ping_status":"","sticky":false,"template":"","format":"standard","meta":{"footnotes":""},"categories":[2819],"tags":[1111,11,1777,674,1011,27,12,2401,882,25],"class_list":{"0":"post-446225","1":"post","2":"type-post","3":"status-publish","4":"format-standard","5":"has-post-thumbnail","7":"category-nice","8":"tag-actu","9":"tag-actualites","10":"tag-eu","11":"tag-europe","12":"tag-fr","13":"tag-france","14":"tag-news","15":"tag-nice","16":"tag-provence-alpes-cote-dazur","17":"tag-republique-francaise"},"share_on_mastodon":{"url":"https:\/\/pubeurope.com\/@fr\/115335746369353058","error":""},"_links":{"self":[{"href":"https:\/\/www.europesays.com\/fr\/wp-json\/wp\/v2\/posts\/446225","targetHints":{"allow":["GET"]}}],"collection":[{"href":"https:\/\/www.europesays.com\/fr\/wp-json\/wp\/v2\/posts"}],"about":[{"href":"https:\/\/www.europesays.com\/fr\/wp-json\/wp\/v2\/types\/post"}],"author":[{"embeddable":true,"href":"https:\/\/www.europesays.com\/fr\/wp-json\/wp\/v2\/users\/2"}],"replies":[{"embeddable":true,"href":"https:\/\/www.europesays.com\/fr\/wp-json\/wp\/v2\/comments?post=446225"}],"version-history":[{"count":0,"href":"https:\/\/www.europesays.com\/fr\/wp-json\/wp\/v2\/posts\/446225\/revisions"}],"wp:featuredmedia":[{"embeddable":true,"href":"https:\/\/www.europesays.com\/fr\/wp-json\/wp\/v2\/media\/446226"}],"wp:attachment":[{"href":"https:\/\/www.europesays.com\/fr\/wp-json\/wp\/v2\/media?parent=446225"}],"wp:term":[{"taxonomy":"category","embeddable":true,"href":"https:\/\/www.europesays.com\/fr\/wp-json\/wp\/v2\/categories?post=446225"},{"taxonomy":"post_tag","embeddable":true,"href":"https:\/\/www.europesays.com\/fr\/wp-json\/wp\/v2\/tags?post=446225"}],"curies":[{"name":"wp","href":"https:\/\/api.w.org\/{rel}","templated":true}]}}