{"id":446227,"date":"2025-10-08T00:36:12","date_gmt":"2025-10-08T00:36:12","guid":{"rendered":"https:\/\/www.europesays.com\/fr\/446227\/"},"modified":"2025-10-08T00:36:12","modified_gmt":"2025-10-08T00:36:12","slug":"previsions-du-mercredi-8-octobre-2025-11","status":"publish","type":"post","link":"https:\/\/www.europesays.com\/fr\/446227\/","title":{"rendered":"pr\u00e9visions du mercredi 8 octobre 2025"},"content":{"rendered":"<p class=\"mb-4 text-lg md:leading-8 break-words\"><strong>M\u00e9t\u00e9o &#8211; Un magnifique soleil va briller et ce, tout au long de la journ\u00e9e. Les temp\u00e9ratures seront de 18\u00b0C le matin et de 19\u00b0C l&rsquo;apr\u00e8s-midi&#8230;<\/strong><\/p>\n<p class=\"mb-4 text-lg md:leading-8 break-words\">Nice aura la chance de pouvoir profiter d&rsquo;une belle journ\u00e9e ensoleill\u00e9e. Les valeurs afficheront entre 15 et 19\u00b0C. Le matin, le mercure affichera 18\u00b0C en moyenne. Un vent de sud-est soufflera un peu, avec 6 km\/h. Les temp\u00e9ratures iront de 17 \u00e0 19\u00b0C sur l&rsquo;ensemble de l&rsquo;apr\u00e8s-midi. Des \u00e9claircies sont attendues : on passera une soir\u00e9e agr\u00e9able. Le passage de mercredi \u00e0 jeudi s&rsquo;effectuera sous un ciel clair.<\/p>\n<p class=\"mb-4 text-lg md:leading-8 break-words\">Demain, un grand soleil rayonnera sur Nice. La m\u00e9t\u00e9o va se r\u00e9chauffer avec une hausse de quelques degr\u00e9s. Il fera 18\u00b0C en moyenne. Un petit vent de nord-ouest sera ressenti par les habitants. Les valeurs s&rsquo;\u00e9chelonneront entre 16 et 19\u00b0C le matin. Les temp\u00e9ratures seront comprises entre 18\u00b0C et 20\u00b0C dans l&rsquo;apr\u00e8s-midi. Le ciel sera assez lumineux, avec quelques \u00e9claircies demain soir. Il va faire environ 18\u00b0C.<\/p>\n<p class=\"mb-4 text-lg md:leading-8 break-words\">Peu de changements au fil des jours. Une m\u00e9t\u00e9o ensoleill\u00e9e, pour des temp\u00e9ratures de 20\u00b0C en moyenne, est \u00e0 pr\u00e9voir.<\/p>\n<p class=\"mb-4 text-lg md:leading-8 break-words\"><a href=\"https:\/\/www.20minutes.fr\/planete\/previsions-meteo\/4177833-20251008-meteo-nice-previsions-mercredi-8-octobre-2025?at_medium=RSS%20feed&amp;at_campaign=ynews&amp;utm_source=yahoo&amp;utm_medium=rss&amp;utm_campaign=news_feed&amp;utm_content=read_more_link&quot;\" rel=\"nofollow noopener\" target=\"_blank\" data-ylk=\"slk:Lire la suite sur 20minutes;elm:context_link;itc:0;sec:content-canvas\" class=\"link \">Lire la suite sur 20minutes<\/a><\/p>\n","protected":false},"excerpt":{"rendered":"M\u00e9t\u00e9o &#8211; Un magnifique soleil va briller et ce, tout au long de la journ\u00e9e. Les temp\u00e9ratures seront&hellip;\n","protected":false},"author":2,"featured_media":446228,"comment_status":"","ping_status":"","sticky":false,"template":"","format":"standard","meta":{"footnotes":""},"categories":[2819],"tags":[1111,11,1777,674,1011,27,44166,2487,12,2401,882,25],"class_list":{"0":"post-446227","1":"post","2":"type-post","3":"status-publish","4":"format-standard","5":"has-post-thumbnail","7":"category-nice","8":"tag-actu","9":"tag-actualites","10":"tag-eu","11":"tag-europe","12":"tag-fr","13":"tag-france","14":"tag-le-matin","15":"tag-meteo","16":"tag-news","17":"tag-nice","18":"tag-provence-alpes-cote-dazur","19":"tag-republique-francaise"},"share_on_mastodon":{"url":"https:\/\/pubeurope.com\/@fr\/115335750136192569","error":""},"_links":{"self":[{"href":"https:\/\/www.europesays.com\/fr\/wp-json\/wp\/v2\/posts\/446227","targetHints":{"allow":["GET"]}}],"collection":[{"href":"https:\/\/www.europesays.com\/fr\/wp-json\/wp\/v2\/posts"}],"about":[{"href":"https:\/\/www.europesays.com\/fr\/wp-json\/wp\/v2\/types\/post"}],"author":[{"embeddable":true,"href":"https:\/\/www.europesays.com\/fr\/wp-json\/wp\/v2\/users\/2"}],"replies":[{"embeddable":true,"href":"https:\/\/www.europesays.com\/fr\/wp-json\/wp\/v2\/comments?post=446227"}],"version-history":[{"count":0,"href":"https:\/\/www.europesays.com\/fr\/wp-json\/wp\/v2\/posts\/446227\/revisions"}],"wp:featuredmedia":[{"embeddable":true,"href":"https:\/\/www.europesays.com\/fr\/wp-json\/wp\/v2\/media\/446228"}],"wp:attachment":[{"href":"https:\/\/www.europesays.com\/fr\/wp-json\/wp\/v2\/media?parent=446227"}],"wp:term":[{"taxonomy":"category","embeddable":true,"href":"https:\/\/www.europesays.com\/fr\/wp-json\/wp\/v2\/categories?post=446227"},{"taxonomy":"post_tag","embeddable":true,"href":"https:\/\/www.europesays.com\/fr\/wp-json\/wp\/v2\/tags?post=446227"}],"curies":[{"name":"wp","href":"https:\/\/api.w.org\/{rel}","templated":true}]}}