{"id":446241,"date":"2025-10-08T00:44:27","date_gmt":"2025-10-08T00:44:27","guid":{"rendered":"https:\/\/www.europesays.com\/fr\/446241\/"},"modified":"2025-10-08T00:44:27","modified_gmt":"2025-10-08T00:44:27","slug":"n3-la-victoire-face-a-lille-en-images-football-club-de-metz-infos-fc-metz-entrainements-fc-metz","status":"publish","type":"post","link":"https:\/\/www.europesays.com\/fr\/446241\/","title":{"rendered":"N3 : la victoire face \u00e0 Lille en images | Football Club de Metz &#8211; Infos FC Metz &#8211; Entra\u00eenements FC Metz"},"content":{"rendered":"<p>                                                                                                                                                                                 Formation<br \/>\n                        le 07\/10\/2025 \u00e0 12:00            <a class=\"print\" href=\"https:\/\/www.fcmetz.com\/2025-2026\/actualites\/formation\/javascript:print();\" target=\"_blank\" rel=\"noopener\"><\/a><\/p>\n<p>Ce week-end, notre \u00e9quipe r\u00e9serve a sign\u00e9 sa premi\u00e8re victoire de la saison (2-1) face \u00e0 la r\u00e9serve du LOSC, gr\u00e2ce \u00e0 un doubl\u00e9 de Morgan Bokele. R\u00e9duits \u00e0 dix juste avant la pause, les Messins ont tenu bon jusqu\u2019au coup de sifflet final et passent devant les Lillois au classement. \u00a9 Let&rsquo;s Go Metz<\/p>\n<p>\n        Partager cet article :<\/p>\n<p>                <img loading=\"lazy\" decoding=\"async\" typeof=\"foaf:Image\" class=\"img-responsive\" src=\"https:\/\/www.europesays.com\/fr\/wp-content\/uploads\/2025\/10\/okvignette_24.jpg\" width=\"734\" height=\"387\" alt=\"\"\/>                            <\/p>\n<p>N3 : la victoire face \u00e0 Lille en images<\/p>\n","protected":false},"excerpt":{"rendered":"Formation le 07\/10\/2025 \u00e0 12:00 Ce week-end, notre \u00e9quipe r\u00e9serve a sign\u00e9 sa premi\u00e8re victoire de la saison&hellip;\n","protected":false},"author":2,"featured_media":446242,"comment_status":"","ping_status":"","sticky":false,"template":"","format":"standard","meta":{"footnotes":""},"categories":[2815],"tags":[1111,11,19298,1777,674,1011,27,811,19297,1307,12,25,19299],"class_list":{"0":"post-446241","1":"post","2":"type-post","3":"status-publish","4":"format-standard","5":"has-post-thumbnail","7":"category-lille","8":"tag-actu","9":"tag-actualites","10":"tag-entrainements-fc-metz","11":"tag-eu","12":"tag-europe","13":"tag-fr","14":"tag-france","15":"tag-hauts-de-france","16":"tag-infos-fc-metz","17":"tag-lille","18":"tag-news","19":"tag-republique-francaise","20":"tag-videos-fc-metz"},"share_on_mastodon":{"url":"https:\/\/pubeurope.com\/@fr\/115335782006808860","error":""},"_links":{"self":[{"href":"https:\/\/www.europesays.com\/fr\/wp-json\/wp\/v2\/posts\/446241","targetHints":{"allow":["GET"]}}],"collection":[{"href":"https:\/\/www.europesays.com\/fr\/wp-json\/wp\/v2\/posts"}],"about":[{"href":"https:\/\/www.europesays.com\/fr\/wp-json\/wp\/v2\/types\/post"}],"author":[{"embeddable":true,"href":"https:\/\/www.europesays.com\/fr\/wp-json\/wp\/v2\/users\/2"}],"replies":[{"embeddable":true,"href":"https:\/\/www.europesays.com\/fr\/wp-json\/wp\/v2\/comments?post=446241"}],"version-history":[{"count":0,"href":"https:\/\/www.europesays.com\/fr\/wp-json\/wp\/v2\/posts\/446241\/revisions"}],"wp:featuredmedia":[{"embeddable":true,"href":"https:\/\/www.europesays.com\/fr\/wp-json\/wp\/v2\/media\/446242"}],"wp:attachment":[{"href":"https:\/\/www.europesays.com\/fr\/wp-json\/wp\/v2\/media?parent=446241"}],"wp:term":[{"taxonomy":"category","embeddable":true,"href":"https:\/\/www.europesays.com\/fr\/wp-json\/wp\/v2\/categories?post=446241"},{"taxonomy":"post_tag","embeddable":true,"href":"https:\/\/www.europesays.com\/fr\/wp-json\/wp\/v2\/tags?post=446241"}],"curies":[{"name":"wp","href":"https:\/\/api.w.org\/{rel}","templated":true}]}}