{"id":446264,"date":"2025-10-08T00:57:11","date_gmt":"2025-10-08T00:57:11","guid":{"rendered":"https:\/\/www.europesays.com\/fr\/446264\/"},"modified":"2025-10-08T00:57:11","modified_gmt":"2025-10-08T00:57:11","slug":"pour-john-clarke-prix-nobel-de-physique-donald-trump-paralyse-la-science-aux-etats-unis","status":"publish","type":"post","link":"https:\/\/www.europesays.com\/fr\/446264\/","title":{"rendered":"Pour John Clarke, prix Nobel de physique, Donald Trump \u00abparalyse\u00bb la science aux \u00c9tats-Unis"},"content":{"rendered":"<p>L\u2019un des laur\u00e9ats du prix Nobel de physique 2025 a d\u00e9nonc\u00e9 mardi les efforts du pr\u00e9sident am\u00e9ricain pour transformer le paysage scientifique aux \u00c9tats-Unis, qu\u2019il a qualifi\u00e9s de \u00abprobl\u00e8me extr\u00eamement grave\u00bb.<\/p>\n<p class=\"fig-paragraph\"><a href=\"http:\/\/www.lefigaro.fr\/sciences\/le-prix-nobel-de-physique-2025-decerne-au-francais-michel-devoret-pour-ses-travaux-sur-la-mecanique-quantique-20251007\" target=\"_blank\" data-fig-type=\"NewsFlash\" rel=\"noopener nofollow\" data-gtm-custom-categorie=\"navigation\" data-gtm-custom-action=\"crossclick\" data-gtm-custom-label=\"Contextuel\" data-gtm-event=\"customEventSPE\" data-fig-domain=\"LEFIGARO\">John Clarke<\/a>, l&rsquo;un des laur\u00e9ats du prix Nobel de physique 2025, a d\u00e9nonc\u00e9 mardi les efforts de Donald Trump pour transformer le paysage scientifique aux \u00c9tats-Unis, qu&rsquo;il a qualifi\u00e9s de \u00abprobl\u00e8me extr\u00eamement grave\u00bb.<\/p>\n<p class=\"fig-paragraph\">La politique du pr\u00e9sident am\u00e9ricain en mati\u00e8re de science s&rsquo;est notamment traduite, depuis son retour \u00e0 la Maison-Blanche, en janvier, par des coupes drastiques dans les financements \u00e0 la recherche et des licenciements de scientifiques dans les organes f\u00e9d\u00e9raux.<\/p>\n<p>                                    <a class=\"fig-a11y-skip a11y-hidden\" href=\"#fig-a11y-skip-main-inarticle\"><br \/>\n        Passer la publicit\u00e9<br \/>\n    <\/a><\/p>\n<p class=\"fig-paragraph\">\u00abCela va paralyser une grande partie de la recherche scientifique aux \u00c9tats-Unis\u00bb, a d\u00e9clar\u00e9 John Clarke \u00e0 l&rsquo;AFP, ajoutant qu&rsquo;il connaissait des personnes ayant subi des coupes importantes dans leurs financements.<\/p>\n<p>\u00abCe sera d\u00e9sastreux\u00bb<\/p>\n<p class=\"fig-paragraph\">Le chercheur britannique de 83 ans, qui s&rsquo;est vu d\u00e9cerner mardi le prix Nobel de physique avec deux autres scientifiques pour leurs d\u00e9couvertes en m\u00e9canique quantique, a soulign\u00e9 qu&rsquo;ils avaient eux-m\u00eames b\u00e9n\u00e9fici\u00e9 de ressources significatives \u00e0 l&rsquo;\u00e9poque de leurs travaux, il y a environ quatre d\u00e9cennies.<\/p>\n<p class=\"fig-paragraph\">\u00abCe sera d\u00e9sastreux si cela continue\u00bb, a encore mis en garde John Clarke, de l&rsquo;universit\u00e9 de Californie \u00e0 Berkeley.<\/p>\n<p class=\"fig-paragraph\">\u00abEn supposant que le gouvernement actuel arrive finalement \u00e0 son terme, il pourrait falloir une d\u00e9cennie pour revenir au niveau o\u00f9 nous \u00e9tions il y a six mois\u00bb, a-t-il jug\u00e9, ajoutant qu&rsquo;il s&rsquo;agissait d&rsquo;un \u00ab\u00e9norme probl\u00e8me\u00bb, \u00abtotalement incompr\u00e9hensible pour quiconque est scientifique\u00bb.<\/p>\n<p class=\"fig-paragraph\">L&rsquo;Am\u00e9ricaine Mary E. Brunkow, co-laur\u00e9ate du prix Nobel de m\u00e9decine 2025 d\u00e9cern\u00e9 lundi, a \u00e9galement insist\u00e9 mardi sur l&rsquo;importance des financements publics pour la recherche scientifique. Interrog\u00e9s par l&rsquo;AFP, plusieurs responsables du prix Nobel ont estim\u00e9 qu&rsquo;en s&rsquo;en prenant de la sorte \u00e0 la science, Donald Trump risquait de faire perdre \u00e0 son pays sa place de premi\u00e8re nation dans la recherche scientifique, avec des r\u00e9percussions dans le monde entier.<\/p>\n","protected":false},"excerpt":{"rendered":"L\u2019un des laur\u00e9ats du prix Nobel de physique 2025 a d\u00e9nonc\u00e9 mardi les efforts du pr\u00e9sident am\u00e9ricain pour&hellip;\n","protected":false},"author":2,"featured_media":446265,"comment_status":"","ping_status":"","sticky":false,"template":"","format":"standard","meta":{"footnotes":""},"categories":[1589],"tags":[11,75,73,1866,12,41,1864,1865,1863,308],"class_list":{"0":"post-446264","1":"post","2":"type-post","3":"status-publish","4":"format-standard","5":"has-post-thumbnail","7":"category-etats-unis","8":"tag-actualites","9":"tag-donald-trump","10":"tag-etats-unis","11":"tag-etats-unis-damerique","12":"tag-news","13":"tag-sciences","14":"tag-united-states","15":"tag-united-states-of-america","16":"tag-us","17":"tag-usa"},"share_on_mastodon":{"url":"https:\/\/pubeurope.com\/@fr\/115335832827498186","error":""},"_links":{"self":[{"href":"https:\/\/www.europesays.com\/fr\/wp-json\/wp\/v2\/posts\/446264","targetHints":{"allow":["GET"]}}],"collection":[{"href":"https:\/\/www.europesays.com\/fr\/wp-json\/wp\/v2\/posts"}],"about":[{"href":"https:\/\/www.europesays.com\/fr\/wp-json\/wp\/v2\/types\/post"}],"author":[{"embeddable":true,"href":"https:\/\/www.europesays.com\/fr\/wp-json\/wp\/v2\/users\/2"}],"replies":[{"embeddable":true,"href":"https:\/\/www.europesays.com\/fr\/wp-json\/wp\/v2\/comments?post=446264"}],"version-history":[{"count":0,"href":"https:\/\/www.europesays.com\/fr\/wp-json\/wp\/v2\/posts\/446264\/revisions"}],"wp:featuredmedia":[{"embeddable":true,"href":"https:\/\/www.europesays.com\/fr\/wp-json\/wp\/v2\/media\/446265"}],"wp:attachment":[{"href":"https:\/\/www.europesays.com\/fr\/wp-json\/wp\/v2\/media?parent=446264"}],"wp:term":[{"taxonomy":"category","embeddable":true,"href":"https:\/\/www.europesays.com\/fr\/wp-json\/wp\/v2\/categories?post=446264"},{"taxonomy":"post_tag","embeddable":true,"href":"https:\/\/www.europesays.com\/fr\/wp-json\/wp\/v2\/tags?post=446264"}],"curies":[{"name":"wp","href":"https:\/\/api.w.org\/{rel}","templated":true}]}}