{"id":446268,"date":"2025-10-08T00:59:11","date_gmt":"2025-10-08T00:59:11","guid":{"rendered":"https:\/\/www.europesays.com\/fr\/446268\/"},"modified":"2025-10-08T00:59:11","modified_gmt":"2025-10-08T00:59:11","slug":"deux-ans-apres-le-7-octobre-lallemagne-cherche-sa-voie-face-a-israel","status":"publish","type":"post","link":"https:\/\/www.europesays.com\/fr\/446268\/","title":{"rendered":"Deux ans apr\u00e8s le 7\u00a0Octobre, l\u2019Allemagne cherche sa voie face \u00e0 Isra\u00ebl"},"content":{"rendered":"<p><strong>R\u00c9CIT <\/strong>&#8211; Friedrich Merz affiche un soutien d\u00e9termin\u00e9 au plan de Donald Trump pour la paix \u00e0 Gaza, y voyant un moyen de sortir par le haut de son inconfortable situation\u00a0: Berlin est un alli\u00e9 historique de l\u2019\u00c9tat h\u00e9breu, mais cette position est de plus en plus difficile \u00e0 assumer.<\/p>\n<p class=\"fig-paragraph\">\u00ab\u00a0L\u2019Allemagne et Isra\u00ebl sont et seront \u00e0 jamais li\u00e9s d\u2019une mani\u00e8re particuli\u00e8re par la m\u00e9moire de la Shoah\u00a0\u00bb, avait assur\u00e9\u00a0<a href=\"http:\/\/www.lefigaro.fr\/vox\/societe\/un-chef-d-oeuvre-de-memoire-selective-le-livre-d-angela-merkel-un-anti-manuel-pour-l-europe-20250213\" data-fig-type=\"Article\" data-gtm-custom-categorie=\"navigation\" data-gtm-custom-action=\"crossclick\" data-gtm-custom-label=\"Contextuel\" data-gtm-event=\"customEventSPE\" data-fig-domain=\"LEFIGARO\" rel=\"nofollow noopener\" target=\"_blank\">Angela Merkel<\/a>\u00a0(CDU) dans une intervention historique devant la Knesset (le Parlement isra\u00e9lien, NDLR), le 18\u00a0mars 2008,\u00a0<a href=\"https:\/\/www.lefigaro.fr\/international\/2008\/05\/06\/01003-20080506DIAWWW00512-israel-l-ans-d-histoire-en-images.php\" data-fig-type=\"Article\" data-gtm-custom-categorie=\"navigation\" data-gtm-custom-action=\"crossclick\" data-gtm-custom-label=\"Contextuel\" data-gtm-event=\"customEventSPE\" data-fig-domain=\"LEFIGARO\" rel=\"nofollow noopener\" target=\"_blank\">\u00e0 l\u2019occasion des 60\u00a0ans de l\u2019\u00c9tat d\u2019Isra\u00ebl<\/a>. Le 12\u00a0octobre 2023, quelques jours\u00a0<a href=\"http:\/\/www.lefigaro.fr\/international\/dossier\/attaque-du-hamas-contre-israel-le-point-sur-la-situation\" data-fig-type=\"Topic\" data-gtm-custom-categorie=\"navigation\" data-gtm-custom-action=\"crossclick\" data-gtm-custom-label=\"Contextuel\" data-gtm-event=\"customEventSPE\" data-fig-domain=\"LEFIGARO\" rel=\"nofollow noopener\" target=\"_blank\">apr\u00e8s les attaques du 7\u00a0Octobre<\/a>, Olaf Scholz (SPD) clamait au Bundestag qu\u2019\u00ab\u00a0il n\u2019y avait pour l\u2019Allemagne qu\u2019une seule place\u00a0: \u00eatre aux c\u00f4t\u00e9s d\u2019Isra\u00ebl\u00a0\u00bb. Respectivement dix-sept ans et deux ans plus tard, \u00e0 l\u2019occasion d\u2019une interview t\u00e9l\u00e9visuelle, le chancelier Friedrich Merz (CDU) a assur\u00e9, dans la droite ligne de ses pr\u00e9d\u00e9cesseurs\u00a0: \u00ab\u00a0Ce n\u2019est pas un secret\u00a0: nous soutenons Isra\u00ebl.\u00a0\u00bb Mais, \u00e9voquant la situation \u00e0 Gaza, il a ajout\u00e9 que l\u2019Allemagne \u00ab\u00a0ne pouvait plus soutenir la voie\u00a0\u00bb qu\u2019Isra\u00ebl avait choisie.<\/p>\n<p class=\"fig-paragraph\">Vers la fin d\u2019un support jusqu\u2019ici rendu ind\u00e9fectible par le poids de l\u2019histoire\u00a0? La culpabilit\u00e9 que ressentent encore certains\u2026<\/p>\n<p class=\"fig-premium-paywall__infos\">\n        Cet article est r\u00e9serv\u00e9 aux abonn\u00e9s.        Il vous reste 82% \u00e0 d\u00e9couvrir.\n    <\/p>\n<p>                <img  data- alt=\"Le Figaro\" class=\"fig-img--complete fig-img\"\/><\/p>\n<p class=\"fig-premium-paywall__title\">J-100, Le Figaro f\u00eate ses 200 ans<\/p>\n<p class=\"fig-premium-paywall__subtitle\">Offre anniversaire : 2\u20ac\/mois pendant 200 semaines<\/p>\n<p class=\"fig-premium-paywall__connect\">\n                D\u00e9j\u00e0 abonn\u00e9\u00a0?                <a class=\"fig-premium-paywall__connect-link\" href=\"https:\/\/connect.lefigaro.fr\/login?client=horizon_web&amp;type=main&amp;redirect_uri=https%3A%2F%2Fwww.lefigaro.fr%2Finternational%2Fdeux-ans-apres-le-7-octobre-l-allemagne-cherche-sa-voie-face-a-israel-20251007\" data-js-gtm=\"{&quot;customCategorie&quot;: &quot;conversion&quot;, &quot;customAction&quot;: &quot;before_Landing_Connexion_paywall_auto&quot;, &quot;customLabel&quot;: &quot;bGVmaWdhcm8uZnJfXzFmMGEzNjEwLTdmNGYtNmM2YS04OGFlLTIzZDQyZGUzMzcyZF9fQXJ0aWNsZQ==_Deux ans apr\u00e8s le 7\u00a0Octobre, l\u2019Allemagne cherche sa voie face \u00e0 Isra\u00ebl_128&quot;, &quot;customIDSPE&quot;: &quot;bGVmaWdhcm8uZnJfXzFmMGEzNjEwLTdmNGYtNmM2YS04OGFlLTIzZDQyZGUzMzcyZF9fQXJ0aWNsZQ==&quot;, &quot;event&quot;: &quot;customEventSPE&quot;}\" rel=\"nofollow noopener\" target=\"_blank\"><br \/>\n                    Connectez-vous<br \/>\n                <\/a>\n            <\/p>\n","protected":false},"excerpt":{"rendered":"R\u00c9CIT &#8211; Friedrich Merz affiche un soutien d\u00e9termin\u00e9 au plan de Donald Trump pour la paix \u00e0 Gaza,&hellip;\n","protected":false},"author":2,"featured_media":446269,"comment_status":"","ping_status":"","sticky":false,"template":"","format":"standard","meta":{"footnotes":""},"categories":[1587],"tags":[11,672,1804,1805,1803,1777,674,4710,1801,664,12,1802],"class_list":{"0":"post-446268","1":"post","2":"type-post","3":"status-publish","4":"format-standard","5":"has-post-thumbnail","7":"category-allemagne","8":"tag-actualites","9":"tag-allemagne","10":"tag-bundesrepublik-deutschland","11":"tag-de","12":"tag-deutschland","13":"tag-eu","14":"tag-europe","15":"tag-friedrich-merz","16":"tag-germany","17":"tag-israel","18":"tag-news","19":"tag-republique-federale-dallemagne"},"share_on_mastodon":{"url":"https:\/\/pubeurope.com\/@fr\/115335840778428263","error":""},"_links":{"self":[{"href":"https:\/\/www.europesays.com\/fr\/wp-json\/wp\/v2\/posts\/446268","targetHints":{"allow":["GET"]}}],"collection":[{"href":"https:\/\/www.europesays.com\/fr\/wp-json\/wp\/v2\/posts"}],"about":[{"href":"https:\/\/www.europesays.com\/fr\/wp-json\/wp\/v2\/types\/post"}],"author":[{"embeddable":true,"href":"https:\/\/www.europesays.com\/fr\/wp-json\/wp\/v2\/users\/2"}],"replies":[{"embeddable":true,"href":"https:\/\/www.europesays.com\/fr\/wp-json\/wp\/v2\/comments?post=446268"}],"version-history":[{"count":0,"href":"https:\/\/www.europesays.com\/fr\/wp-json\/wp\/v2\/posts\/446268\/revisions"}],"wp:featuredmedia":[{"embeddable":true,"href":"https:\/\/www.europesays.com\/fr\/wp-json\/wp\/v2\/media\/446269"}],"wp:attachment":[{"href":"https:\/\/www.europesays.com\/fr\/wp-json\/wp\/v2\/media?parent=446268"}],"wp:term":[{"taxonomy":"category","embeddable":true,"href":"https:\/\/www.europesays.com\/fr\/wp-json\/wp\/v2\/categories?post=446268"},{"taxonomy":"post_tag","embeddable":true,"href":"https:\/\/www.europesays.com\/fr\/wp-json\/wp\/v2\/tags?post=446268"}],"curies":[{"name":"wp","href":"https:\/\/api.w.org\/{rel}","templated":true}]}}