{"id":446284,"date":"2025-10-08T01:09:11","date_gmt":"2025-10-08T01:09:11","guid":{"rendered":"https:\/\/www.europesays.com\/fr\/446284\/"},"modified":"2025-10-08T01:09:11","modified_gmt":"2025-10-08T01:09:11","slug":"ugo-humbert-et-giovanni-mpetshi-perricard-inscrits-pour-la-derniere-edition-de-latp-250-de-metz","status":"publish","type":"post","link":"https:\/\/www.europesays.com\/fr\/446284\/","title":{"rendered":"Ugo Humbert et Giovanni Mpetshi\u00a0Perricard inscrits pour la derni\u00e8re \u00e9dition de l&rsquo;ATP 250 de Metz"},"content":{"rendered":"<p>La premi\u00e8re liste d&rsquo;inscrits \u00e0 l&rsquo;ATP 250 de Metz<\/p>\n<p>F\u00e9lix Auger-Aliassime (CAN), Alexander Bublik (KAZ), Flavio Cobolli (ITA), Ugo Humbert (FRA), Frances Tiafoe (USA), Tallon Griekspoor (NED), Cameron Norrie (GBR), Alex Michelsen (USA), Gabriel Diallo (CAN), Learner Tien (USA), Giovanni Mpetshi\u00a0Perricard (FRA), Corentin Moutet (FRA), Zizou Bergs (BEL), Lorenzo Sonego (ITA), Benjamin Bonzi (FRA), Daniel Altmaier (GER), Arthur Rinderknech (FRA), Alexander Blockx (BEL).<\/p>\n","protected":false},"excerpt":{"rendered":"La premi\u00e8re liste d&rsquo;inscrits \u00e0 l&rsquo;ATP 250 de Metz F\u00e9lix Auger-Aliassime (CAN), Alexander Bublik (KAZ), Flavio Cobolli (ITA),&hellip;\n","protected":false},"author":2,"featured_media":446285,"comment_status":"","ping_status":"","sticky":false,"template":"","format":"standard","meta":{"footnotes":""},"categories":[1415],"tags":[1011,27,60,1467],"class_list":{"0":"post-446284","1":"post","2":"type-post","3":"status-publish","4":"format-standard","5":"has-post-thumbnail","7":"category-tennis","8":"tag-fr","9":"tag-france","10":"tag-sports","11":"tag-tennis"},"share_on_mastodon":{"url":"https:\/\/pubeurope.com\/@fr\/115335879868484864","error":""},"_links":{"self":[{"href":"https:\/\/www.europesays.com\/fr\/wp-json\/wp\/v2\/posts\/446284","targetHints":{"allow":["GET"]}}],"collection":[{"href":"https:\/\/www.europesays.com\/fr\/wp-json\/wp\/v2\/posts"}],"about":[{"href":"https:\/\/www.europesays.com\/fr\/wp-json\/wp\/v2\/types\/post"}],"author":[{"embeddable":true,"href":"https:\/\/www.europesays.com\/fr\/wp-json\/wp\/v2\/users\/2"}],"replies":[{"embeddable":true,"href":"https:\/\/www.europesays.com\/fr\/wp-json\/wp\/v2\/comments?post=446284"}],"version-history":[{"count":0,"href":"https:\/\/www.europesays.com\/fr\/wp-json\/wp\/v2\/posts\/446284\/revisions"}],"wp:featuredmedia":[{"embeddable":true,"href":"https:\/\/www.europesays.com\/fr\/wp-json\/wp\/v2\/media\/446285"}],"wp:attachment":[{"href":"https:\/\/www.europesays.com\/fr\/wp-json\/wp\/v2\/media?parent=446284"}],"wp:term":[{"taxonomy":"category","embeddable":true,"href":"https:\/\/www.europesays.com\/fr\/wp-json\/wp\/v2\/categories?post=446284"},{"taxonomy":"post_tag","embeddable":true,"href":"https:\/\/www.europesays.com\/fr\/wp-json\/wp\/v2\/tags?post=446284"}],"curies":[{"name":"wp","href":"https:\/\/api.w.org\/{rel}","templated":true}]}}