{"id":446292,"date":"2025-10-08T01:14:09","date_gmt":"2025-10-08T01:14:09","guid":{"rendered":"https:\/\/www.europesays.com\/fr\/446292\/"},"modified":"2025-10-08T01:14:09","modified_gmt":"2025-10-08T01:14:09","slug":"psg-barcola-le-clash-en-direct","status":"publish","type":"post","link":"https:\/\/www.europesays.com\/fr\/446292\/","title":{"rendered":"PSG &#8211; Barcola : Le clash en direct !"},"content":{"rendered":"<p>                    Guillaume de Saint Sauveur<br \/>\n                        &#8211;<\/p>\n<p>Journaliste<\/p>\n<p>Dipl\u00f4m\u00e9 d\u2019Ecole de Journalisme \u00e0 Paris. Sp\u00e9cialis\u00e9 football, et plus particuli\u00e8rement sur le mercato. Fan du PSG et du Stade Fran\u00e7ais.<\/p>\n<p class=\"heading\">Une nouvelle fois d\u00e9\u00e7u de la performance de Bradley Barcola avec le PSG lundi soir sur la pelouse du LOSC, Daniel Riolo n&rsquo;a pas manqu\u00e9 de critiquer l&rsquo;attaquant tricolore en direct sur RMC. L&rsquo;\u00e9ditorialiste, qui a souvent eu des reproches \u00e0 faire \u00e0 Barcola, regrette son manque de confiance dans la finition face au but. <\/p>\n<p>Profitant des nombreuses absences du moment sur le front de l&rsquo;attaque du <strong>PSG<\/strong> (<strong>Demb\u00e9l\u00e9<\/strong>, <strong>Dou\u00e9<\/strong>, <strong>Kvaratskhelia<\/strong>), <strong>Bradley<\/strong> <strong>Barcola<\/strong> enchaine les titularisations, lui qui avait peu \u00e0 peu perdu sa place de titulaire indiscutable la saison pass\u00e9e. Mais \u00e0 l&rsquo;image de sa performance contre le <strong>LOSC<\/strong> dimanche (1-1), <strong>Barcola<\/strong> fait preuve d&rsquo;un certain d\u00e9chet dans la finition avec le <a href=\"https:\/\/le10sport.com\/football\/ligue1\/psg\/\" rel=\"nofollow noopener\" target=\"_blank\">PSG<\/a>, ce qui pr\u00e9occupe les observateurs. <\/p>\n<p>                                            \u00ab Il a des lacunes globales \u00bb<\/p>\n<p>En direct au micro de l&rsquo;<strong>After Foot<\/strong> sur RMC Sport, <strong>Daniel<\/strong> <strong>Riolo<\/strong> a clash\u00e9 le num\u00e9ro 29 du <strong>PSG<\/strong> : \u00ab Bradley Barcola a un petit probl\u00e8me de confiance devant le but, mais il a surtout des lacunes globales qu&rsquo;il n&rsquo;arrive pas \u00e0 corriger. Il y a un truc intrins\u00e8que, c&rsquo;est qu&rsquo;il a un probl\u00e8me technique, qui n&rsquo;est peut-\u00eatre pas compl\u00e8tement r\u00e9dhibitoire dans certains football et dans certaines \u00e9quipes \u00bb, constate <strong>Riolo<\/strong> au sujet de <strong>Barcola<\/strong>. <\/p>\n<p>                                            \u00ab Il ne me pla\u00eet pas \u00bb<\/p>\n<p>\u00ab Mais le truc de Bradley Barcola c&rsquo;est qu&rsquo;il a quelque chose qui, \u00e0 mon gout, ne me pla\u00eet pas. Et pourtant, je pense qu&rsquo;il a des qualit\u00e9s \u00bb, temp\u00e8re <strong>Daniel<\/strong> <strong>Riolo<\/strong> au sujet de l&rsquo;ancien crack de l&rsquo;<strong>OL<\/strong>, qui avait rejoint le <strong>PSG<\/strong> \u00e0 l&rsquo;\u00e9t\u00e9 2023 pour 45M\u20ac. <\/p>\n","protected":false},"excerpt":{"rendered":"Guillaume de Saint Sauveur &#8211; Journaliste Dipl\u00f4m\u00e9 d\u2019Ecole de Journalisme \u00e0 Paris. Sp\u00e9cialis\u00e9 football, et plus particuli\u00e8rement sur&hellip;\n","protected":false},"author":2,"featured_media":446293,"comment_status":"","ping_status":"","sticky":false,"template":"","format":"standard","meta":{"footnotes":""},"categories":[1410],"tags":[63,1011,27,60],"class_list":{"0":"post-446292","1":"post","2":"type-post","3":"status-publish","4":"format-standard","5":"has-post-thumbnail","7":"category-football","8":"tag-football","9":"tag-fr","10":"tag-france","11":"tag-sports"},"share_on_mastodon":{"url":"https:\/\/pubeurope.com\/@fr\/115335899657984852","error":""},"_links":{"self":[{"href":"https:\/\/www.europesays.com\/fr\/wp-json\/wp\/v2\/posts\/446292","targetHints":{"allow":["GET"]}}],"collection":[{"href":"https:\/\/www.europesays.com\/fr\/wp-json\/wp\/v2\/posts"}],"about":[{"href":"https:\/\/www.europesays.com\/fr\/wp-json\/wp\/v2\/types\/post"}],"author":[{"embeddable":true,"href":"https:\/\/www.europesays.com\/fr\/wp-json\/wp\/v2\/users\/2"}],"replies":[{"embeddable":true,"href":"https:\/\/www.europesays.com\/fr\/wp-json\/wp\/v2\/comments?post=446292"}],"version-history":[{"count":0,"href":"https:\/\/www.europesays.com\/fr\/wp-json\/wp\/v2\/posts\/446292\/revisions"}],"wp:featuredmedia":[{"embeddable":true,"href":"https:\/\/www.europesays.com\/fr\/wp-json\/wp\/v2\/media\/446293"}],"wp:attachment":[{"href":"https:\/\/www.europesays.com\/fr\/wp-json\/wp\/v2\/media?parent=446292"}],"wp:term":[{"taxonomy":"category","embeddable":true,"href":"https:\/\/www.europesays.com\/fr\/wp-json\/wp\/v2\/categories?post=446292"},{"taxonomy":"post_tag","embeddable":true,"href":"https:\/\/www.europesays.com\/fr\/wp-json\/wp\/v2\/tags?post=446292"}],"curies":[{"name":"wp","href":"https:\/\/api.w.org\/{rel}","templated":true}]}}