{"id":446298,"date":"2025-10-08T01:17:23","date_gmt":"2025-10-08T01:17:23","guid":{"rendered":"https:\/\/www.europesays.com\/fr\/446298\/"},"modified":"2025-10-08T01:17:23","modified_gmt":"2025-10-08T01:17:23","slug":"destockage-de-livres-a-la-mediatheque-de-deols","status":"publish","type":"post","link":"https:\/\/www.europesays.com\/fr\/446298\/","title":{"rendered":"Destockage de livres \u00e0 la m\u00e9diath\u00e8que de D\u00e9ols"},"content":{"rendered":"<p>Des centaines de romans, bandes dessin\u00e9es, beaux livres, livres pour enfants issus des r\u00e9serves de la m\u00e9diath\u00e8que Eug\u00e8ne-Hubert de D\u00e9ols sont disponibles \u00e0 la vente, \u00e0 petits prix, jusqu\u2019\u00e0 samedi 11\u00a0octobre 2025. Les curieux pourront ainsi fouiner parmi les \u00e9tals et d\u00e9nicher quelques p\u00e9pites. Un d\u00e9stockage des collections n\u00e9cessaire afin de laisser un peu de place aux nouvelles acquisitions.<\/p>\n","protected":false},"excerpt":{"rendered":"Des centaines de romans, bandes dessin\u00e9es, beaux livres, livres pour enfants issus des r\u00e9serves de la m\u00e9diath\u00e8que Eug\u00e8ne-Hubert&hellip;\n","protected":false},"author":2,"featured_media":446299,"comment_status":"","ping_status":"","sticky":false,"template":"","format":"standard","meta":{"footnotes":""},"categories":[1357],"tags":[1379,1674,43200,58,59,1011,27,1380],"class_list":{"0":"post-446298","1":"post","2":"type-post","3":"status-publish","4":"format-standard","5":"has-post-thumbnail","7":"category-livres","8":"tag-books","9":"tag-communes","10":"tag-deols","11":"tag-divertissement","12":"tag-entertainment","13":"tag-fr","14":"tag-france","15":"tag-livres"},"share_on_mastodon":{"url":"https:\/\/pubeurope.com\/@fr\/115335911400131534","error":""},"_links":{"self":[{"href":"https:\/\/www.europesays.com\/fr\/wp-json\/wp\/v2\/posts\/446298","targetHints":{"allow":["GET"]}}],"collection":[{"href":"https:\/\/www.europesays.com\/fr\/wp-json\/wp\/v2\/posts"}],"about":[{"href":"https:\/\/www.europesays.com\/fr\/wp-json\/wp\/v2\/types\/post"}],"author":[{"embeddable":true,"href":"https:\/\/www.europesays.com\/fr\/wp-json\/wp\/v2\/users\/2"}],"replies":[{"embeddable":true,"href":"https:\/\/www.europesays.com\/fr\/wp-json\/wp\/v2\/comments?post=446298"}],"version-history":[{"count":0,"href":"https:\/\/www.europesays.com\/fr\/wp-json\/wp\/v2\/posts\/446298\/revisions"}],"wp:featuredmedia":[{"embeddable":true,"href":"https:\/\/www.europesays.com\/fr\/wp-json\/wp\/v2\/media\/446299"}],"wp:attachment":[{"href":"https:\/\/www.europesays.com\/fr\/wp-json\/wp\/v2\/media?parent=446298"}],"wp:term":[{"taxonomy":"category","embeddable":true,"href":"https:\/\/www.europesays.com\/fr\/wp-json\/wp\/v2\/categories?post=446298"},{"taxonomy":"post_tag","embeddable":true,"href":"https:\/\/www.europesays.com\/fr\/wp-json\/wp\/v2\/tags?post=446298"}],"curies":[{"name":"wp","href":"https:\/\/api.w.org\/{rel}","templated":true}]}}