{"id":446304,"date":"2025-10-08T01:20:17","date_gmt":"2025-10-08T01:20:17","guid":{"rendered":"https:\/\/www.europesays.com\/fr\/446304\/"},"modified":"2025-10-08T01:20:17","modified_gmt":"2025-10-08T01:20:17","slug":"nous-avons-teste-la-nouvelle-salle-premium-orium-en-avant-premiere","status":"publish","type":"post","link":"https:\/\/www.europesays.com\/fr\/446304\/","title":{"rendered":"nous avons test\u00e9 la nouvelle salle premium Orium en avant-premi\u00e8re"},"content":{"rendered":"<p>Publi\u00e9 par Soizick David, le 07 Octobre 2025 \u00e0 13:03<\/p>\n<p itemprop=\"description\" class=\"chapo\">Ce concept in\u00e9dit sur la Presqu\u2019\u00eele, alliant confort haut de gamme, image 4K laser et son Dolby Atmos, ouvre ses portes aux Nazairiens ce mercredi 8 octobre.<\/p>\n<p><img decoding=\"async\" src=\"https:\/\/www.europesays.com\/fr\/wp-content\/uploads\/2025\/10\/2025-10-07-cineville-saint-nazaire-nous-avons-teste-la-nouvelle-salle-premium-orium-en-avant-premier.jpeg\" class=\"img-fluid rounded-3\" alt=\"Cin\u00e9ville Saint-Nazaire : nous avons test\u00e9 la nouvelle salle premium Orium en avant-premi\u00e8re\"\/><br \/>\nLa salle d&rsquo;une capacit\u00e9 de 222 places est la premi\u00e8re de ce type sur la Presqu&rsquo;\u00eele \u00a9 SaintNazaireNews.fr<\/p>\n<p>L\u2019exp\u00e9rience cin\u00e9matographique franchit un nouveau cap \u00e0 Saint-Nazaire. \u00c0 la veille de son inauguration, nous avons eu le privil\u00e8ge de tester la toute nouvelle salle <strong>Orium<\/strong> du <a href=\"https:\/\/www.saintnazairenews.fr\/news\/saint-nazaire-une-pause-cine-gratuite-tous-les-mardis-midi-a-cineville\" target=\"_blank\" rel=\"noopener\">Cin\u00e9ville<\/a>, un concept premium d\u00e9velopp\u00e9 par le groupe, m\u00ealant innovation technique et art du confort. Et autant le dire, on n\u2019assiste plus \u00e0 un film, on le traverse !<\/p>\n<p><strong>Un retour vers le futur sign\u00e9 Gilles Imbert<\/strong><\/p>\n<p>L\u2019histoire du Cin\u00e9ville nazairien boucle son premier chapitre de 25 ans. <strong>Gilles Imbert<\/strong>, architecte de cin\u00e9ma qui avait con\u00e7u le Cin\u00e9ville en 1999, est revenu pour orchestrer cette m\u00e9tamorphose. La <strong>salle num\u00e9ro 8<\/strong>, d\u00e9sormais baptis\u00e9e <strong>Orium<\/strong>, s\u2019est mu\u00e9e en v\u00e9ritable cocon. \u00ab Nous avons chang\u00e9 le pas des gradins, passant de 1,20 m \u00e0 1,40 m \u00bb explique-t-il. \u00ab Cela change toute la courbe de visibilit\u00e9, la salle a donc \u00e9t\u00e9 r\u00e9hauss\u00e9e de 1,50 m \u00bb ajoute l&rsquo;architecte. Cette red\u00e9finition de l\u2019espace s&rsquo;est effectu\u00e9e au prix d\u2019une r\u00e9duction de capacit\u00e9. \u00ab La salle passe de 372 \u00e0 222 places \u00bb pr\u00e9cise <strong>S\u00e9verine Avignon<\/strong>, directrice du cin\u00e9ma depuis 2009. Exit les fauteuils rouges traditionnels, place \u00e0 un bleu profond et apaisant. Les si\u00e8ges, larges et moelleux, s\u2019inclinent \u00e9lectriquement d\u2019une simple pression sur une commande lat\u00e9rale. On s\u2019y love avec une tablette bois\u00e9e \u00e0 port\u00e9e de main. Au premier rang, des poufs invitent m\u00eame \u00e0 l\u2019allongement complet. Le passage \u00e9largi permet de circuler sans d\u00e9ranger ses voisins, un confort plut\u00f4t rare dans l\u2019obscurit\u00e9 des salles. On comprend vite qu\u2019ici, le spectateur devient un invit\u00e9, en passant carr\u00e9ment du fauteuil au canap\u00e9 !<\/p>\n<p><img decoding=\"async\" src=\"https:\/\/www.europesays.com\/fr\/wp-content\/uploads\/2025\/10\/1759886414_471_2025-10-07-cineville-saint-nazaire-nous-avons-teste-la-nouvelle-salle-premium-orium-en-avant-premier.jpeg\" class=\"img-fluid rounded-3\" alt=\"Cin\u00e9ville Saint-Nazaire : nous avons test\u00e9 la nouvelle salle premium Orium en avant-premi\u00e8re\"\/><br \/>\nL&rsquo;exp\u00e9rience passe aussi par le confort de cette nouvelle salle Orium \u00a9 SaintNazaireNews.fr<\/p>\n<p><a href=\"https:\/\/www.saintnazairenews.fr\/publicite\" class=\"black\" style=\"text-decoration: none;\" target=\"_blank\" rel=\"noopener\">PUBLICIT\u00c9 LOCALE<\/a><br \/>\n<a href=\"https:\/\/musicamefrance.com\/concert\/concert-a-saint-nazaire-musicame\/\/?utm_source=SNNews&amp;utm_medium=BannerNews&amp;utm_campaign=ConcertSN\" target=\"_blank\" rel=\"noopener\"><br \/>\n<img decoding=\"async\" src=\"https:\/\/www.europesays.com\/fr\/wp-content\/uploads\/2025\/10\/2025-10-musicame-800-200.gif\" class=\"img-fluid d-none d-sm-block mx-auto rounded-3 bd mb-5 zoom\"\/><br \/>\n<img decoding=\"async\" src=\"https:\/\/www.europesays.com\/fr\/wp-content\/uploads\/2025\/10\/2025-10-musicame-400-300.gif\" class=\"img-fluid d-block d-sm-none mx-auto rounded-3 bd mb-5 zoom\"\/><br \/>\n<\/a><\/p>\n<p><strong>Un son qui enveloppe<\/strong><\/p>\n<p>Pendant que nous d\u00e9couvrons les lieux, <strong>Ludovic Seroux<\/strong>, technicien de <strong>Cin\u00e9 Digital<\/strong>, peaufine les derniers r\u00e9glages. Depuis trois jours, il ajuste le moindre d\u00e9cibel. \u00ab On passe de 20 \u00e0 pr\u00e8s de 50 d\u00e9cibels selon les sc\u00e8nes, mais tout r\u00e9side dans la pr\u00e9cision \u00bb confie-t-il. Et en effet, la magie op\u00e8re. Orium compte <strong>50 enceintes<\/strong>, soit deux fois plus qu\u2019avant. La technologie <strong>Dolby Atmos<\/strong> permet de positionner chaque son par un placement d&rsquo;objets audios dans l&rsquo;espace. Le bruissement d\u2019une feuille semble fr\u00f4ler l\u2019\u00e9paule, la voix d\u2019un acteur glisse derri\u00e8re vous. En regardant un extrait du biopic de Bob Marley, on l&rsquo;entend avec nous dans la salle ! Le son ne se contente plus d\u2019accompagner l\u2019image, il nous enveloppe. Pour atteindre un tel niveau d\u2019immersion, la salle a \u00e9t\u00e9 enti\u00e8rement repens\u00e9e \u00ab comme une bo\u00eete dans une bo\u00eete \u00bb d\u00e9crit <strong>Gilles Imbert<\/strong>. Moquette neuve, cloisons doubl\u00e9es, plafond renforc\u00e9, tout a \u00e9t\u00e9 isol\u00e9 pour contenir cette puissance acoustique. Pour le confort des riverains, mais aussi celui des salles voisines. \u00ab Nous avons \u00e9galement d\u00e9coupl\u00e9 les enceintes du sol et interrompu le dallage \u00bb d\u00e9taille Gilles Imbert. L\u2019air, lui aussi, circule en silence. La climatisation a \u00e9t\u00e9 retravaill\u00e9e pour que le confort thermique ne parasite pas la puret\u00e9 du son.<\/p>\n<p><img decoding=\"async\" src=\"https:\/\/www.europesays.com\/fr\/wp-content\/uploads\/2025\/10\/1759886417_46_2025-10-07-cineville-saint-nazaire-nous-avons-teste-la-nouvelle-salle-premium-orium-en-avant-premier.jpeg\" class=\"img-fluid rounded-3\" alt=\"Cin\u00e9ville Saint-Nazaire : nous avons test\u00e9 la nouvelle salle premium Orium en avant-premi\u00e8re\"\/><br \/>\nL&rsquo;entr\u00e9e de la salle Orium \u00e0 Cin\u00e9ville Saint-Nazaire \u00a9 SaintNazaireNews.fr<\/p>\n<p><strong>Une exp\u00e9rience premium \u00e0 port\u00e9e des Nazairiens<\/strong><\/p>\n<p>Derri\u00e8re l\u2019\u00e9cran de <strong>17 m\u00e8tres de base<\/strong>, un caisson de surbasses mont\u00e9 sur ressorts attend son heure. Le projecteur <strong>4K laser<\/strong> de derni\u00e8re g\u00e9n\u00e9ration envoie quant \u00e0 lui ses <strong>35 000 lumens<\/strong>. L\u2019\u00e9cran perl\u00e9, sp\u00e9cialement trait\u00e9 pour la <strong>3D passive<\/strong>, restitue l&rsquo;image avec une fid\u00e9lit\u00e9 rare. \u00ab En 2009, tout le monde est pass\u00e9 au num\u00e9rique avec Avatar \u00bb rappelle S\u00e9verine Avignon, \u00ab aujourd\u2019hui, on franchit une nouvelle \u00e9tape avec Orium, tr\u00e8s attendue des cin\u00e9philes \u00bb. Et \u00e0 l\u2019\u0153il, cela se voit. Les couleurs claquent, les contrastes respirent, et les d\u00e9tails explosent sans jamais saturer. La salle Orium de Saint-Nazaire est la <strong>cinqui\u00e8me salle premium du groupe Cin\u00e9ville, <\/strong>et la seule \u00e9quip\u00e9e Dolby Atmos \u00e0 50 km \u00e0 la ronde. C\u00f4t\u00e9 pratique, les places sont num\u00e9rot\u00e9es, et la majoration s\u2019\u00e9l\u00e8ve \u00e0 <strong>3 \u20ac<\/strong> par s\u00e9ance, auxquels peuvent s\u2019ajouter <strong>1,50 <\/strong>\u20ac pour les films en 3D. Les lunettes 3D (1 \u20ac) sont r\u00e9utilisables. L&rsquo;architecte donne un dernier conseil avant d\u2019\u00e9teindre les lumi\u00e8res. \u00ab Il y a une chose qui ne change pas, la meilleure place reste toujours celle du milieu ! \u00bb assure-t-il dans un grand sourire. La premi\u00e8re s\u00e9ance publique aura lieu <strong>ce mercredi 8 octobre 2025<\/strong>, avec le film Tron de Joachim R\u00f8nning. Un clin d\u2019\u0153il parfait \u00e0 la fusion du r\u00e9el et du virtuel qu\u2019incarne Orium. Le Cin\u00e9ville f\u00eatera \u00e9galement bient\u00f4t ses <strong>25 ans. D<\/strong>u <strong>25 octobre au 9 novembre<\/strong>, des animations et des surprises sont pr\u00e9vues en salle.<\/p>\n<p>Cin\u00e9ville Saint-Nazaire \u2022 5 Bd de la L\u00e9gion d&rsquo;Honneur, 44600 Saint-Nazaire \u2022 Programme et billetterie en ligne sur saint-nazaire.cineville.fr.<\/p>\n","protected":false},"excerpt":{"rendered":"Publi\u00e9 par Soizick David, le 07 Octobre 2025 \u00e0 13:03 Ce concept in\u00e9dit sur la Presqu\u2019\u00eele, alliant confort&hellip;\n","protected":false},"author":2,"featured_media":446305,"comment_status":"","ping_status":"","sticky":false,"template":"","format":"standard","meta":{"footnotes":""},"categories":[1354],"tags":[11,3723,58,59,1346,1011,27,1114,1360,13694,12,3213],"class_list":{"0":"post-446304","1":"post","2":"type-post","3":"status-publish","4":"format-standard","5":"has-post-thumbnail","7":"category-films","8":"tag-actualites","9":"tag-actus","10":"tag-divertissement","11":"tag-entertainment","12":"tag-films","13":"tag-fr","14":"tag-france","15":"tag-infos","16":"tag-movies","17":"tag-nazaire","18":"tag-news","19":"tag-saint"},"share_on_mastodon":{"url":"https:\/\/pubeurope.com\/@fr\/115335923511066314","error":""},"_links":{"self":[{"href":"https:\/\/www.europesays.com\/fr\/wp-json\/wp\/v2\/posts\/446304","targetHints":{"allow":["GET"]}}],"collection":[{"href":"https:\/\/www.europesays.com\/fr\/wp-json\/wp\/v2\/posts"}],"about":[{"href":"https:\/\/www.europesays.com\/fr\/wp-json\/wp\/v2\/types\/post"}],"author":[{"embeddable":true,"href":"https:\/\/www.europesays.com\/fr\/wp-json\/wp\/v2\/users\/2"}],"replies":[{"embeddable":true,"href":"https:\/\/www.europesays.com\/fr\/wp-json\/wp\/v2\/comments?post=446304"}],"version-history":[{"count":0,"href":"https:\/\/www.europesays.com\/fr\/wp-json\/wp\/v2\/posts\/446304\/revisions"}],"wp:featuredmedia":[{"embeddable":true,"href":"https:\/\/www.europesays.com\/fr\/wp-json\/wp\/v2\/media\/446305"}],"wp:attachment":[{"href":"https:\/\/www.europesays.com\/fr\/wp-json\/wp\/v2\/media?parent=446304"}],"wp:term":[{"taxonomy":"category","embeddable":true,"href":"https:\/\/www.europesays.com\/fr\/wp-json\/wp\/v2\/categories?post=446304"},{"taxonomy":"post_tag","embeddable":true,"href":"https:\/\/www.europesays.com\/fr\/wp-json\/wp\/v2\/tags?post=446304"}],"curies":[{"name":"wp","href":"https:\/\/api.w.org\/{rel}","templated":true}]}}