{"id":446316,"date":"2025-10-08T01:26:11","date_gmt":"2025-10-08T01:26:11","guid":{"rendered":"https:\/\/www.europesays.com\/fr\/446316\/"},"modified":"2025-10-08T01:26:11","modified_gmt":"2025-10-08T01:26:11","slug":"giorgia-meloni-visee-par-une-plainte-a-la-cpi-pour-complicite-de-genocide-liberation","status":"publish","type":"post","link":"https:\/\/www.europesays.com\/fr\/446316\/","title":{"rendered":"Giorgia Meloni vis\u00e9e par une plainte \u00e0 la CPI pour complicit\u00e9 de g\u00e9nocide \u2013 Lib\u00e9ration"},"content":{"rendered":"<p class=\"sc-cPiKLX AiZTS text-element\">\u00abMoi, le ministre [Guido] Crosetto [\u00e0 la D\u00e9fense], le ministre [Antonio] Tajani [chef de la diplomatie] et je pense le directeur g\u00e9n\u00e9ral de Leonardo, Roberto Cingolani, avons \u00e9t\u00e9 vis\u00e9s par <a href=\"https:\/\/www.liberation.fr\/international\/moyen-orient\/un-genocide-se-produit-et-continue-de-se-produire-a-gaza-des-experts-independants-de-lonu-chargent-israel-20250916_HSPXQR3O4BCEBGMTOK67P4SNIE\/\" target=\"_blank\" rel=\"noreferrer noopener\" title=\"https:\/\/www.liberation.fr\/international\/moyen-orient\/un-genocide-se-produit-et-continue-de-se-produire-a-gaza-des-experts-independants-de-lonu-chargent-israel-20250916_HSPXQR3O4BCEBGMTOK67P4SNIE\/\">une plainte devant la Cour p\u00e9nale internationale pour complicit\u00e9 de g\u00e9nocide\u00bb,<\/a> a-t-elle dit au cours d\u2019une \u00e9mission t\u00e9l\u00e9vis\u00e9e qui doit \u00eatre diffus\u00e9e vers minuit en Italie et dont des extraits ont \u00e9t\u00e9 publi\u00e9s par les m\u00e9dias. \u00abJe pense qu\u2019il n\u2019existe pas un autre cas au monde ou dans l\u2019histoire d\u2019une plainte de ce genre\u00bb, a-t-elle ajout\u00e9. Leonardo est un groupe italien d\u2019a\u00e9ronautique et de d\u00e9fense. <\/p>\n<p class=\"sc-cPiKLX AiZTS text-element\">La plainte, dat\u00e9e du 1er octobre, est r\u00e9dig\u00e9e par un groupe nomm\u00e9 \u00abJuristes et avocats pour la Palestine\u00bb et a \u00e9t\u00e9 sign\u00e9e par une cinquantaine de personnes, des professeurs de droits, des avocats, mais aussi quelques personnalit\u00e9s publiques. <\/p>\n<p class=\"sc-cPiKLX AiZTS text-element\">\u00abAvec son soutien au gouvernement isra\u00e9lien, en particulier \u00e0 travers la fourniture d\u2019armement meurtrier, le gouvernement italien s\u2019est rendu complice du g\u00e9nocide en cours et des gravissimes crimes de guerre et contre l\u2019humanit\u00e9 commis aux d\u00e9pens de la population palestinienne\u00bb, \u00e9crivent les auteurs de la plainte. Ils demandent \u00e0 la CPI d\u2019\u00e9valuer la possibilit\u00e9 d\u2019ouvrir une enqu\u00eate officielle. <\/p>\n","protected":false},"excerpt":{"rendered":"\u00abMoi, le ministre [Guido] Crosetto [\u00e0 la D\u00e9fense], le ministre [Antonio] Tajani [chef de la diplomatie] et je&hellip;\n","protected":false},"author":2,"featured_media":446317,"comment_status":"","ping_status":"","sticky":false,"template":"","format":"standard","meta":{"footnotes":""},"categories":[5],"tags":[11,1011,27,3517,3044,14,664,3523,452,12,28],"class_list":{"0":"post-446316","1":"post","2":"type-post","3":"status-publish","4":"format-standard","5":"has-post-thumbnail","7":"category-international","8":"tag-actualites","9":"tag-fr","10":"tag-france","11":"tag-gaza-l-escalade","12":"tag-giorgia-meloni","13":"tag-international","14":"tag-israel","15":"tag-israel-palestine-conflit","16":"tag-italie","17":"tag-news","18":"tag-world"},"share_on_mastodon":{"url":"https:\/\/pubeurope.com\/@fr\/115335946943638512","error":""},"_links":{"self":[{"href":"https:\/\/www.europesays.com\/fr\/wp-json\/wp\/v2\/posts\/446316","targetHints":{"allow":["GET"]}}],"collection":[{"href":"https:\/\/www.europesays.com\/fr\/wp-json\/wp\/v2\/posts"}],"about":[{"href":"https:\/\/www.europesays.com\/fr\/wp-json\/wp\/v2\/types\/post"}],"author":[{"embeddable":true,"href":"https:\/\/www.europesays.com\/fr\/wp-json\/wp\/v2\/users\/2"}],"replies":[{"embeddable":true,"href":"https:\/\/www.europesays.com\/fr\/wp-json\/wp\/v2\/comments?post=446316"}],"version-history":[{"count":0,"href":"https:\/\/www.europesays.com\/fr\/wp-json\/wp\/v2\/posts\/446316\/revisions"}],"wp:featuredmedia":[{"embeddable":true,"href":"https:\/\/www.europesays.com\/fr\/wp-json\/wp\/v2\/media\/446317"}],"wp:attachment":[{"href":"https:\/\/www.europesays.com\/fr\/wp-json\/wp\/v2\/media?parent=446316"}],"wp:term":[{"taxonomy":"category","embeddable":true,"href":"https:\/\/www.europesays.com\/fr\/wp-json\/wp\/v2\/categories?post=446316"},{"taxonomy":"post_tag","embeddable":true,"href":"https:\/\/www.europesays.com\/fr\/wp-json\/wp\/v2\/tags?post=446316"}],"curies":[{"name":"wp","href":"https:\/\/api.w.org\/{rel}","templated":true}]}}