{"id":446318,"date":"2025-10-08T01:27:13","date_gmt":"2025-10-08T01:27:13","guid":{"rendered":"https:\/\/www.europesays.com\/fr\/446318\/"},"modified":"2025-10-08T01:27:13","modified_gmt":"2025-10-08T01:27:13","slug":"remaniement-dissolution-demission-demmanuel-macron-pourquoi-cet-habitue-de-lile-de-batz-est-au-centre-du-jeu","status":"publish","type":"post","link":"https:\/\/www.europesays.com\/fr\/446318\/","title":{"rendered":"Remaniement, dissolution, d\u00e9mission d\u2019Emmanuel Macron\u00a0: pourquoi cet habitu\u00e9 de l\u2019\u00eele de Batz est au centre du jeu"},"content":{"rendered":"<p>1 Son nom est cit\u00e9 pour Matignon<\/p>\n<p>Le pr\u00e9sident du S\u00e9nat, <a href=\"https:\/\/www.letelegramme.fr\/france\/gerard-larcher-la-presidence-paisible-3690335.php\" rel=\"nofollow noopener\" target=\"_blank\">G\u00e9rard Larcher<\/a>, est l\u2019un des principaux barons de LR. Selon <a href=\"https:\/\/www.politico.eu\/newsletter\/playbook-paris\/les-promeneurs-du-champ-de-mines\/\" rel=\"nofollow noopener\" target=\"_blank\">Politico<\/a>, cet habitu\u00e9 de l\u2019\u00eele de Batz (son beau-p\u00e8re alsacien, tomb\u00e9 amoureux du coin, y fit l\u2019acquisition d\u2019une petite maison, il y a une cinquantaine d\u2019ann\u00e9es) fait partie des profils \u00e9voqu\u00e9s pour remplacer S\u00e9bastien Lecornu en tant que Premier ministre, en cas de rabibochage entre la droite et la macronie. Une hypoth\u00e8se que le ministre de l\u2019Int\u00e9rieur d\u00e9missionnaire, Bruno Retailleau, n\u2019a pas compl\u00e8tement exclue. R\u00e9put\u00e9 pour son caract\u00e8re rond, G\u00e9rard Larcher appara\u00eet comme un parfait pacificateur en chef. Mais sa prudence l\u00e9gendaire a de grandes chances de le retenir. Plus que jamais, il n\u2019y a que des coups \u00e0 prendre \u00e0 Matignon. Le RN a averti qu\u2019il censurerait d\u00e9sormais toute \u00e9quipe gouvernementale nomm\u00e9e par Emmanuel Macron. Le PS ayant durci le ton ces derniers jours, les chances de survie d\u2019un Premier ministre LR sont proches de z\u00e9ro.<\/p>\n<p>2 Il sera consult\u00e9 en cas de dissolution<\/p>\n<p>Si Emmanuel Macron d\u00e9cide de dissoudre l\u2019Assembl\u00e9e nationale, il devra avant cela proc\u00e9der aux consultations pr\u00e9vues par la <a href=\"https:\/\/www.conseil-constitutionnel.fr\/le-bloc-de-constitutionnalite\/texte-integral-de-la-constitution-du-4-octobre-1958-en-vigueur#:~:text=civils%20et%20politiques.-,ARTICLE%204.,nationale%20et%20de%20la%20d%C3%A9mocratie.\" rel=\"nofollow noopener\" target=\"_blank\">Constitution<\/a>. Selon l\u2019article 2, trois personnes doivent imp\u00e9rativement \u00eatre mises dans la boucle\u00a0: le Premier ministre, la pr\u00e9sidente de l\u2019Assembl\u00e9e nationale, Ya\u00ebl Braun-Pivet, et le pr\u00e9sident du S\u00e9nat, G\u00e9rard Larcher. En septembre, sur France 2, ce dernier se montrait sceptique sur la pertinence d\u2019un tel sc\u00e9nario\u00a0: \u00ab\u00a0Je ne suis pas certain qu\u2019une nouvelle dissolution conduise \u00e0 une clarification\u00a0\u00bb, justifiait-il. Il esp\u00e8re, en tout cas, que le chef de l\u2019\u00c9tat respectera davantage la lettre de la Constitution qu\u2019en juin 2024. G\u00e9rard Larcher avait estim\u00e9 <a href=\"https:\/\/www.lemonde.fr\/politique\/article\/2024\/07\/11\/au-senat-l-avertissement-de-gerard-larcher-si-le-premier-ministre-appartient-au-nfp-nous-nous-mettrons-en-travers_6248459_823448.html\" rel=\"nofollow noopener\" target=\"_blank\">avoir \u00e9t\u00e9 \u00ab\u00a0inform\u00e9, et non consult\u00e9\u00a0\u00bb<\/a> au sujet de cette initiative pr\u00e9sidentielle (l\u2019entretien t\u00e9l\u00e9phonique n\u2019avait dur\u00e9 qu\u2019une minute trente).<\/p>\n<p><img decoding=\"async\" src=\"https:\/\/www.europesays.com\/fr\/wp-content\/uploads\/2025\/10\/68e4ea853d36a31c8c093935.1.jpeg\" width=\"480\" height=\"300\" class=\"web_golden_m\" loading=\"lazy\" alt=\"G\u00e9rard Larcher passe r\u00e9guli\u00e8rement ses vacances \u00e0 l\u2019\u00eele de Batz, pr\u00e8s de Roscoff (29), o\u00f9 son beau-p\u00e8re alsacien, tomb\u00e9 amoureux du coin, fit l\u2019acquisition d\u2019une petite maison, il y a une cinquantaine d\u2019ann\u00e9es.\"\/>G\u00e9rard Larcher passe r\u00e9guli\u00e8rement ses vacances \u00e0 l\u2019\u00eele de Batz, pr\u00e8s de Roscoff (29), o\u00f9 son beau-p\u00e8re alsacien, tomb\u00e9 amoureux du coin, fit l\u2019acquisition d\u2019une petite maison, il y a une cinquantaine d\u2019ann\u00e9es. (Photo Sophie Dirou\/Le T\u00e9l\u00e9gramme)3 Il assurera l\u2019int\u00e9rim si Macron d\u00e9missionne<\/p>\n<p>Emmanuel Macron va-t-il \u00eatre pouss\u00e9 \u00e0 la d\u00e9mission\u00a0? La pression a augment\u00e9 avec <a href=\"https:\/\/www.letelegramme.fr\/politique\/direct-gouvernement-lecornu-tout-juste-nomme-il-risque-deja-dimploser-6903687.php\" rel=\"nofollow noopener\" target=\"_blank\">la demande de pr\u00e9sidentielle anticip\u00e9e faite par \u00c9douard Philippe<\/a>. L\u2019ancien Premier ministre estime que ce sc\u00e9nario permettrait de \u00ab\u00a0sortir d\u2019une fa\u00e7on ordonn\u00e9e et digne d\u2019une crise politique qui nuit au pays\u00a0\u00bb. Dans ce cas de figure, la Constitution est tr\u00e8s claire. C\u2019est le pr\u00e9sident du S\u00e9nat, donc G\u00e9rard Larcher, qui assurerait l\u2019int\u00e9rim, le temps d\u2019organiser l\u2019\u00e9lection d\u2019un nouveau chef de l\u2019\u00c9tat. L\u2019article 7 alin\u00e9a 4 est, en effet, ainsi r\u00e9dig\u00e9\u00a0: \u00ab\u00a0En cas de vacance de la pr\u00e9sidence de la R\u00e9publique pour quelque cause que ce soit, ou d\u2019emp\u00eachement constat\u00e9 par le Conseil constitutionnel saisi par le gouvernement et statuant \u00e0 la majorit\u00e9 absolue de ses membres, les fonctions du pr\u00e9sident de la R\u00e9publique, \u00e0 l\u2019exception de celles pr\u00e9vues aux articles 11 et 12, sont provisoirement exerc\u00e9es par le pr\u00e9sident du S\u00e9nat et, si celui-ci est \u00e0 son tour emp\u00each\u00e9 d\u2019exercer ces fonctions, par le gouvernement.\u00a0\u00bb<\/p>\n<p>Le centriste Alain Poher est \u00e0 ce jour le seul pr\u00e9sident du S\u00e9nat \u00e0 avoir assum\u00e9 l\u2019int\u00e9rim de la pr\u00e9sidence de la R\u00e9publique, et cela \u00e0 deux reprises\u00a0: apr\u00e8s la d\u00e9mission du g\u00e9n\u00e9ral de Gaulle en 1969 et apr\u00e8s le d\u00e9c\u00e8s de Georges Pompidou en 1974.<\/p>\n","protected":false},"excerpt":{"rendered":"1 Son nom est cit\u00e9 pour Matignon Le pr\u00e9sident du S\u00e9nat, G\u00e9rard Larcher, est l\u2019un des principaux barons&hellip;\n","protected":false},"author":2,"featured_media":446319,"comment_status":"","ping_status":"","sticky":false,"template":"","format":"standard","meta":{"footnotes":""},"categories":[4],"tags":[11,5949,1073,1011,27,418,11831,2131,12,316,25,11837,11067,1004],"class_list":{"0":"post-446318","1":"post","2":"type-post","3":"status-publish","4":"format-standard","5":"has-post-thumbnail","7":"category-france","8":"tag-actualites","9":"tag-elections","10":"tag-emmanuel-macron","11":"tag-fr","12":"tag-france","13":"tag-gouvernement","14":"tag-ile-de-batz","15":"tag-morlaix","16":"tag-news","17":"tag-politique","18":"tag-republique-francaise","19":"tag-roscoff","20":"tag-sebastien-lecornu","21":"tag-senat"},"share_on_mastodon":{"url":"https:\/\/pubeurope.com\/@fr\/115335950807745594","error":""},"_links":{"self":[{"href":"https:\/\/www.europesays.com\/fr\/wp-json\/wp\/v2\/posts\/446318","targetHints":{"allow":["GET"]}}],"collection":[{"href":"https:\/\/www.europesays.com\/fr\/wp-json\/wp\/v2\/posts"}],"about":[{"href":"https:\/\/www.europesays.com\/fr\/wp-json\/wp\/v2\/types\/post"}],"author":[{"embeddable":true,"href":"https:\/\/www.europesays.com\/fr\/wp-json\/wp\/v2\/users\/2"}],"replies":[{"embeddable":true,"href":"https:\/\/www.europesays.com\/fr\/wp-json\/wp\/v2\/comments?post=446318"}],"version-history":[{"count":0,"href":"https:\/\/www.europesays.com\/fr\/wp-json\/wp\/v2\/posts\/446318\/revisions"}],"wp:featuredmedia":[{"embeddable":true,"href":"https:\/\/www.europesays.com\/fr\/wp-json\/wp\/v2\/media\/446319"}],"wp:attachment":[{"href":"https:\/\/www.europesays.com\/fr\/wp-json\/wp\/v2\/media?parent=446318"}],"wp:term":[{"taxonomy":"category","embeddable":true,"href":"https:\/\/www.europesays.com\/fr\/wp-json\/wp\/v2\/categories?post=446318"},{"taxonomy":"post_tag","embeddable":true,"href":"https:\/\/www.europesays.com\/fr\/wp-json\/wp\/v2\/tags?post=446318"}],"curies":[{"name":"wp","href":"https:\/\/api.w.org\/{rel}","templated":true}]}}