{"id":446323,"date":"2025-10-08T01:31:18","date_gmt":"2025-10-08T01:31:18","guid":{"rendered":"https:\/\/www.europesays.com\/fr\/446323\/"},"modified":"2025-10-08T01:31:18","modified_gmt":"2025-10-08T01:31:18","slug":"saint-etienne-silence-ca-tourne-if-saint-etienne","status":"publish","type":"post","link":"https:\/\/www.europesays.com\/fr\/446323\/","title":{"rendered":"Saint-Etienne\u00a0: silence, \u00e7a tourne\u00a0! &#8211; IF Saint-Etienne"},"content":{"rendered":"<p class=\"is-style-chapo\">Fin 2020, la municipalit\u00e9 pr\u00e9sentait un projet de r\u00e9habilitation de l\u2019ancien Palais des spectacles, dans le quartier de la Plaine Achille. Il s\u2019agissait d\u2019y am\u00e9nager des studios de tournage \u00e0 l\u2019horizon 2024. Depuis, plusieurs productions y ont vu le jour, dont la nouvelle s\u00e9rie de France 2, Immeuble partag\u00e9\u2026<\/p>\n<p><img fetchpriority=\"high\" decoding=\"async\" width=\"1024\" height=\"576\" src=\"https:\/\/www.europesays.com\/fr\/wp-content\/uploads\/2025\/10\/IMG_3628-1-1024x576.jpg\" alt=\"Studios\" class=\"wp-image-80701\"  \/>\u00a9JT\/ If Saint-Etienne<\/p>\n<p>Depuis le 1er septembre, France 2 diffuse un nouveau programme court, imagin\u00e9 par les cr\u00e9ateurs de Vestiaires, intitul\u00e9 <a href=\"https:\/\/www.if-saint-etienne.fr\/breves\/immeuble-partage-le-nouveau-programme-court-de-france-2-tourne-a-saint-etienne\" target=\"_blank\" rel=\"noreferrer noopener\">Immeuble partag\u00e9<\/a>. Cr\u00e9\u00e9 par Adda Abdelli et Fabrice Chanut, il met en sc\u00e8ne les habitants d\u2019un immeuble, qui font de leurs diff\u00e9rences une force. Une vision moderne et dr\u00f4le de l\u2019habitat partag\u00e9, que les producteurs ont choisi de tourner\u2026 \u00e0 Saint-Etienne. Pour comprendre comment cela a pu \u00eatre rendu possible, il faut remonter \u00e0 2019. <\/p>\n<p>A l\u2019\u00e9poque, le Palais des spectacles est ferm\u00e9 au public depuis deux ans, mais la Ville de Saint-Etienne vient d\u2019accueillir une partie du tournage de la s\u00e9rie <a href=\"https:\/\/www.canalplus.com\/series\/les-sauvages\/h\/12363746_50001\" target=\"_blank\" rel=\"noreferrer noopener\">Les Sauvages<\/a>, avec Roschdy Zem et Marina Fo\u00efs, diffus\u00e9e sur Canal +. Et cela donne des id\u00e9es \u00e0 la municipalit\u00e9\u2026<\/p>\n<p>Moteur\u2026 action<\/p>\n<p>Alors en 2020, elle pr\u00e9sente un projet qui vise la cr\u00e9ation d\u2019un p\u00f4le d\u00e9di\u00e9 \u00e0 l\u2019audiovisuel sur le site du Palais des spectacles. En effet, elle refuse de d\u00e9truire ce d\u00f4me labellis\u00e9 Architecture contemporaine remarquable en 2003, puis inscrit au titre des Monuments historiques en 2025 par le minist\u00e8re de la Culture. \u00ab\u00a0Nous nous sommes rapproch\u00e9s de la r\u00e9alisatrice Rapha\u00eblle Bruyas, ainsi que de l\u2019association Les gens d\u2019en face, sp\u00e9cialis\u00e9e dans la production de films, explique Marc Chassaub\u00e9n\u00e9, adjoint au maire de Saint-Etienne, charg\u00e9 de la Culture. L\u2019id\u00e9e \u00e9tait de tester ce lieu, voir s\u2019il \u00e9tait adapt\u00e9. Il y avait ce besoin des acteurs locaux, mais aussi une certaine m\u00e9fiance de notre part, car des projets de ce type n\u2019ont pas toujours fonctionn\u00e9 dans d\u2019autres villes\u00a0\u00bb.<\/p>\n<p>Rapidement, le lieu accueille studio de Thal\u00e8s Ang\u00e9nieux, pointure dans l\u2019univers du cin\u00e9ma mondial. L\u2019entreprise avait besoin de r\u00e9cup\u00e9rer des espaces sur son site historique de Saint-H\u00e9and, et souhaitait, par la m\u00eame occasion, que cet outil soit davantage utilis\u00e9. \u00ab\u00a0Nous \u00e9tions tr\u00e8s contents de cette proposition, se souvient l\u2019adjoint charg\u00e9 de la Culture. On a investi sur le lieu 120 000 euros en 2023, 250 000 euros en 2024, et 315 000 euros en 2025\u00a0\u00bb.<\/p>\n<p>Du local, au national<\/p>\n<p>La Ville a notamment pu refaire l\u2019\u00e9tanch\u00e9it\u00e9 de la toiture, les sanitaires, la cuisine, ou encore mettre les issues de secours aux normes de ce b\u00e2timent des ann\u00e9es 70. Depuis 2024, elle a sign\u00e9 une convention avec l\u2019association Les gens d\u2019en face, pour les installer sur le site, dans le but de le faire vivre et de le remettre \u00e0 flot petit \u00e0 petit. Et depuis\u00a0? \u00ab\u00a0Pas mal de soci\u00e9t\u00e9s d\u2019audiovisuel l\u2019ont utilis\u00e9, comme Auuna, La Casquette productions, Les Films Jack F\u00e9bus, ou encore Le Grenier du Shanak, d\u00e9taille Marc Chassaub\u00e9n\u00e9. Au total, 19 tournages en 2023. En g\u00e9n\u00e9ral, ce sont des courts-m\u00e9trages de fiction. Puis il y a eu la s\u00e9rie <a href=\"https:\/\/www.if-saint-etienne.fr\/culture-loisirs\/bientot-un-plus-belle-la-vie-stephanois\" target=\"_blank\" rel=\"noreferrer noopener\">La Vie plus Belle<\/a>, et donc, Immeuble Partag\u00e9\u00a0\u00bb.<\/p>\n<p>L\u2019id\u00e9e \u00e9tait de d\u00e9marrer avec les acteurs locaux pour pouvoir \u00e9prouver le site, et s\u2019assurer que cela vaille les investissements. Au d\u00e9part, un loyer tr\u00e8s attractif a donc \u00e9t\u00e9 propos\u00e9 aux soci\u00e9t\u00e9s de production, fix\u00e9 \u00e0 600 euros par mois. \u00ab\u00a0Nous allons pouvoir d\u00e9sormais proposer des loyers un peu plus \u00e9lev\u00e9s. L\u2019id\u00e9e n\u2019est pas que le site en lui-m\u00eame soit rentable, mais qu\u2019il le soit pour le territoire. Et pour 1 euro investit, on estime qu\u2019il y a 7 euros de retomb\u00e9es pour le territoire. Cela passe par des emplois, des nuits d\u2019h\u00f4tel, du catering\u00a0\u00bb.<\/p>\n<p>Saison 2<\/p>\n<p>Et le site ne manque pas d\u2019atouts pour s\u00e9duire d\u2019autres productions parisiennes. Il reste tr\u00e8s accessible par la route et le train, tout en \u00e9tant suffisamment loin de l\u2019hypercentre pour ne pas souffrir de son bruit. \u00ab\u00a0Les ext\u00e9rieurs sont agr\u00e9ables et vont le devenir de plus en plus avec le r\u00e9am\u00e9nagement du <a href=\"https:\/\/www.if-saint-etienne.fr\/societe\/parc-francois-mitterrand-exit-le-projet-de-passerelle-place-au-reamenagement\" target=\"_blank\" rel=\"noreferrer noopener\">parc Fran\u00e7ois Mitterrand<\/a>, pointe Marc Chassaub\u00e9n\u00e9. Et puis, il y a les atouts de Saint-Etienne et ses loyers assez bas, avec des facilit\u00e9s de stockage et de logements\u00a0\u00bb. Et pourquoi pas\u00a0? Reste que les producteurs de la s\u00e9rie Immeuble partag\u00e9, eux, ont \u00e9t\u00e9 s\u00e9duits et entament actuellement le tournage de la saison 2 de leur s\u00e9rie, sous le d\u00f4me st\u00e9phanois.<\/p>\n","protected":false},"excerpt":{"rendered":"Fin 2020, la municipalit\u00e9 pr\u00e9sentait un projet de r\u00e9habilitation de l\u2019ancien Palais des spectacles, dans le quartier de&hellip;\n","protected":false},"author":2,"featured_media":446324,"comment_status":"","ping_status":"","sticky":false,"template":"","format":"standard","meta":{"footnotes":""},"categories":[9653],"tags":[1111,11,2430,23340,1777,674,1011,27,12,57234,25,4001,57235,57236],"class_list":{"0":"post-446323","1":"post","2":"type-post","3":"status-publish","4":"format-standard","5":"has-post-thumbnail","7":"category-saint-etienne","8":"tag-actu","9":"tag-actualites","10":"tag-auvergne-rhone-alpes","11":"tag-creatif","12":"tag-eu","13":"tag-europe","14":"tag-fr","15":"tag-france","16":"tag-news","17":"tag-palais-des-spectacles","18":"tag-republique-francaise","19":"tag-saint-etienne","20":"tag-studios-de-tournage","21":"tag-studios-de-tournage-saint-etienne"},"share_on_mastodon":{"url":"https:\/\/pubeurope.com\/@fr\/115335966805672707","error":""},"_links":{"self":[{"href":"https:\/\/www.europesays.com\/fr\/wp-json\/wp\/v2\/posts\/446323","targetHints":{"allow":["GET"]}}],"collection":[{"href":"https:\/\/www.europesays.com\/fr\/wp-json\/wp\/v2\/posts"}],"about":[{"href":"https:\/\/www.europesays.com\/fr\/wp-json\/wp\/v2\/types\/post"}],"author":[{"embeddable":true,"href":"https:\/\/www.europesays.com\/fr\/wp-json\/wp\/v2\/users\/2"}],"replies":[{"embeddable":true,"href":"https:\/\/www.europesays.com\/fr\/wp-json\/wp\/v2\/comments?post=446323"}],"version-history":[{"count":0,"href":"https:\/\/www.europesays.com\/fr\/wp-json\/wp\/v2\/posts\/446323\/revisions"}],"wp:featuredmedia":[{"embeddable":true,"href":"https:\/\/www.europesays.com\/fr\/wp-json\/wp\/v2\/media\/446324"}],"wp:attachment":[{"href":"https:\/\/www.europesays.com\/fr\/wp-json\/wp\/v2\/media?parent=446323"}],"wp:term":[{"taxonomy":"category","embeddable":true,"href":"https:\/\/www.europesays.com\/fr\/wp-json\/wp\/v2\/categories?post=446323"},{"taxonomy":"post_tag","embeddable":true,"href":"https:\/\/www.europesays.com\/fr\/wp-json\/wp\/v2\/tags?post=446323"}],"curies":[{"name":"wp","href":"https:\/\/api.w.org\/{rel}","templated":true}]}}