{"id":446327,"date":"2025-10-08T01:35:17","date_gmt":"2025-10-08T01:35:17","guid":{"rendered":"https:\/\/www.europesays.com\/fr\/446327\/"},"modified":"2025-10-08T01:35:17","modified_gmt":"2025-10-08T01:35:17","slug":"a-toulon-la-semaine-du-sport-a-lhopital-fait-vibrer-les-enfants-avec-les-joueurs-du-rct","status":"publish","type":"post","link":"https:\/\/www.europesays.com\/fr\/446327\/","title":{"rendered":"\u00c0 Toulon, la Semaine du sport \u00e0 l\u2019h\u00f4pital fait vibrer les enfants avec les joueurs du RCT"},"content":{"rendered":"<p class=\"fs-5 \">Il y a des sc\u00e8nes auxquelles on n\u2019aurait jamais imagin\u00e9 assister. Voir le surpuissant <strong>centre n\u00e9o-z\u00e9landais<\/strong> Ma\u2019a Nonu, 108 kg, 103 matches avec les <strong>Blacks<\/strong>, une centaine avec le <strong>RCT<\/strong>, vainqueur de deux <strong>coupes du monde de rugby<\/strong>, se faire rentrer dedans \u00e0 toute berzingue par Shady, trois ans et demi, figure assur\u00e9ment en t\u00eate de liste.<\/p>\n<p class=\"fs-5 \">Hier apr\u00e8s-midi, la salle de d\u00e9tente du service <strong>p\u00e9diatrie<\/strong> de <strong>Sainte-Musse<\/strong> a donc \u00e9t\u00e9 le th\u00e9\u00e2tre de cet affrontement surr\u00e9aliste, o\u00f9 les stars du <strong>Rugby club toulonnais<\/strong> ont parfaitement jou\u00e9 le jeu de la <strong>Semaine du sport \u00e0 l\u2019h\u00f4pital<\/strong>. Organis\u00e9e depuis des ann\u00e9es par l\u2019association <strong>Premiers de cord\u00e9e<\/strong>, elle propose pendant cinq jours aux <strong>enfants hospitalis\u00e9s<\/strong> des animations autour de diff\u00e9rentes <strong>activit\u00e9s physiques<\/strong>.<br \/>\u00ab\u00a0L\u2019id\u00e9e, d\u00e9crypte Julia Conti, charg\u00e9e de mission pour l\u2019association, c\u2019est de s\u2019adapter aux lieux et aux pathologies des jeunes, et de leur offrir un petit moment d\u2019\u00e9vasion.\u00a0\u00bb<\/p>\n<p>            <img decoding=\"async\" src=\"https:\/\/www.europesays.com\/fr\/wp-content\/uploads\/2025\/10\/d67bd36_upload-from-url-1-8tcaqr1x2x44-data-art-16370818.jpg\" loading=\"lazy\" alt=\"Port\u00e9 par le massif David Ribbans, Esteban Abadie a inscrit son quatri\u00e8me essai avec Toulon.\" class=\"img-fluid position-absolute w-100 object-fit-coverrounded-2\" width=\"600\" height=\"400\"\/><\/p>\n<p>                                                                                Serin\u00a0: \u00ab\u00a0Il y a des choses plus graves que le rugby\u00a0\u00bb<\/p>\n<p class=\"fs-5 \">Lyna, 13 ans, \u00e9coute attentivement les conseils du <strong>pilier<\/strong> rouge et noir Dany Priso.<br \/>\u00ab\u00a0Fais tourner un peu plus ton ballon. Voil\u00e0, comme \u00e7a. Super.\u00a0\u00bb<\/p>\n<p class=\"fs-5 \">La jeune fille s\u2019applique, tout sourire.<\/p>\n<p class=\"fs-5 \">\u00ab\u00a0C\u2019est une super exp\u00e9rience, glisse-t-elle. C\u2019est impressionnant de rencontrer ces joueurs. Et \u00e7a fait du bien ce genre d\u2019activit\u00e9, \u00e7a change les id\u00e9es.\u00a0\u00bb<\/p>\n<p class=\"fs-5 \">\u00c0 c\u00f4t\u00e9 d\u2019elle, Chris s\u2019\u00e9clate avec le <strong>centre Antoine Frisch<\/strong>, tandis que l\u2019Anglais Ben White donne la r\u00e9plique au tout jeune David en multipliant les efforts pour parler en fran\u00e7ais. Hilare et super sympa, Nonu, \u00e0 genou, est aussi de la partie.<\/p>\n<p class=\"fs-5 \">Quant \u00e0 <strong>Baptiste Serin<\/strong>, il subit \u00e0 son tour les assauts de l\u2019in\u00e9puisable Shady.<br \/>\u00ab\u00a0Il va bien dormir ce soir\u00a0!\u00a0\u00bb se marre le <strong>demi de m\u00eal\u00e9e du RCT<\/strong>, avant d\u2019ajouter\u00a0: \u00ab\u00a0C\u2019est chouette de leur apporter un peu de sourires dans des moments qui sont compliqu\u00e9s pour eux. Quant \u00e0 nous, \u00e7a nous fait aussi sortir de notre quotidien. Il y a des choses beaucoup plus graves que le rugby.\u00a0\u00a0\u00bb<\/p>\n<p class=\"fs-5 \">Dany Priso opine du bonnet\u00a0: \u00ab\u00a0Nous, on joue juste au ballon. Partager un moment comme \u00e7a avec eux, \u00e7a nous remet un peu les pieds sur terre.\u00a0\u00bb<\/p>\n<p>            <img decoding=\"async\" src=\"https:\/\/www.europesays.com\/fr\/wp-content\/uploads\/2025\/10\/1759887317_785_a683b23_upload-from-url-1-7zns9gjjoevf-data-art-16365813.jpg\" loading=\"lazy\" alt=\"Impliqu\u00e9 dans quatre des cinq essais toulonnais, David Ribbans a aussi hiss\u00e9 les barbel\u00e9s en d\u00e9fense. Une bonne habitude. Photos Frank Muller \" class=\"img-fluid position-absolute w-100 object-fit-coverrounded-2\" width=\"600\" height=\"400\"\/><\/p>\n<p>                                                                                \u00ab\u00a0On le signe, ton pl\u00e2tre\u00a0?\u00a0\u00bb<\/p>\n<p class=\"fs-5 \">Lisandro d\u00e9barque tout juste dans la salle de jeu, le bras gauche en \u00e9charpe, op\u00e9r\u00e9 le matin m\u00eame. Tout intimid\u00e9, il reste en retrait. Antoine Frisch s\u2019assoit \u00e0 c\u00f4t\u00e9 de lui, un gros feutre \u00e0 la main.<br \/>\u00ab\u00a0On le signe, ton pl\u00e2tre\u00a0?\u00a0\u00bb<br \/>Petit hochement de t\u00eate.<br \/>\u00ab\u00a0Je fais un smiley, aussi\u00a0?\u00a0\u00bb<br \/>Rebelote.<br \/>\u00ab\u00a0Tu m\u2019as toujours pas dit comment tu t\u2019appelles, d\u2019ailleurs\u00a0?\u00a0\u00bb l\u2019interpelle gentiment Priso.<\/p>\n<p class=\"fs-5 \">Autour, les <strong>\u00e9quipes m\u00e9dicales<\/strong> et les <strong>familles<\/strong> n\u2019en ratent pas une miette.<br \/>\u00ab\u00a0C\u2019est long ici, pour eux, souffle la maman de Shady, qui a tout immortalis\u00e9. L\u00e0 ils rient, ils jouent. Et les joueurs sont tellement gentils. C\u2019est g\u00e9nial.\u00a0\u00bb<\/p>\n","protected":false},"excerpt":{"rendered":"Il y a des sc\u00e8nes auxquelles on n\u2019aurait jamais imagin\u00e9 assister. Voir le surpuissant centre n\u00e9o-z\u00e9landais Ma\u2019a Nonu,&hellip;\n","protected":false},"author":2,"featured_media":446328,"comment_status":"","ping_status":"","sticky":false,"template":"","format":"standard","meta":{"footnotes":""},"categories":[9619],"tags":[1111,11,1777,674,1011,27,12,882,3461,25,2310],"class_list":{"0":"post-446327","1":"post","2":"type-post","3":"status-publish","4":"format-standard","5":"has-post-thumbnail","7":"category-toulon","8":"tag-actu","9":"tag-actualites","10":"tag-eu","11":"tag-europe","12":"tag-fr","13":"tag-france","14":"tag-news","15":"tag-provence-alpes-cote-dazur","16":"tag-rct","17":"tag-republique-francaise","18":"tag-toulon"},"share_on_mastodon":{"url":"https:\/\/pubeurope.com\/@fr\/115335982736285306","error":""},"_links":{"self":[{"href":"https:\/\/www.europesays.com\/fr\/wp-json\/wp\/v2\/posts\/446327","targetHints":{"allow":["GET"]}}],"collection":[{"href":"https:\/\/www.europesays.com\/fr\/wp-json\/wp\/v2\/posts"}],"about":[{"href":"https:\/\/www.europesays.com\/fr\/wp-json\/wp\/v2\/types\/post"}],"author":[{"embeddable":true,"href":"https:\/\/www.europesays.com\/fr\/wp-json\/wp\/v2\/users\/2"}],"replies":[{"embeddable":true,"href":"https:\/\/www.europesays.com\/fr\/wp-json\/wp\/v2\/comments?post=446327"}],"version-history":[{"count":0,"href":"https:\/\/www.europesays.com\/fr\/wp-json\/wp\/v2\/posts\/446327\/revisions"}],"wp:featuredmedia":[{"embeddable":true,"href":"https:\/\/www.europesays.com\/fr\/wp-json\/wp\/v2\/media\/446328"}],"wp:attachment":[{"href":"https:\/\/www.europesays.com\/fr\/wp-json\/wp\/v2\/media?parent=446327"}],"wp:term":[{"taxonomy":"category","embeddable":true,"href":"https:\/\/www.europesays.com\/fr\/wp-json\/wp\/v2\/categories?post=446327"},{"taxonomy":"post_tag","embeddable":true,"href":"https:\/\/www.europesays.com\/fr\/wp-json\/wp\/v2\/tags?post=446327"}],"curies":[{"name":"wp","href":"https:\/\/api.w.org\/{rel}","templated":true}]}}