{"id":446329,"date":"2025-10-08T01:36:29","date_gmt":"2025-10-08T01:36:29","guid":{"rendered":"https:\/\/www.europesays.com\/fr\/446329\/"},"modified":"2025-10-08T01:36:29","modified_gmt":"2025-10-08T01:36:29","slug":"a-toulon-decouvrez-cette-exposition-qui-immortalise-la-vie-des-enfants-dun-orphelinat-au-nepal","status":"publish","type":"post","link":"https:\/\/www.europesays.com\/fr\/446329\/","title":{"rendered":"\u00c0 Toulon, d\u00e9couvrez cette exposition qui immortalise la vie des enfants d\u2019un orphelinat au N\u00e9pal"},"content":{"rendered":"<p class=\"fs-5 \">Son nom d\u2019artiste est <strong>Fish <\/strong>et c\u2019est sous cette signature que Guillaume, photographe toulonnais, est connu.<\/p>\n<p class=\"fs-5 \">Il avait immortalis\u00e9, l\u2019an dernier dans un livre, l<strong>es visages de Toulonnais crois\u00e9s au hasard des rues. <\/strong><\/p>\n<p class=\"fs-5 \">Cette fois, c\u2019est au bout du monde qu\u2019il est all\u00e9 chercher l\u2019inspiration\u00a0: au cours d\u2019une mission humanitaire, organis\u00e9e par un m\u00e9decin toulonnais g\u00e9n\u00e9reux\u00a0: Carol Bayard.<\/p>\n<p class=\"fs-5 \">\u00ab\u00a0Je connais Carol depuis des ann\u00e9es et je savais son d\u00e9vouement pour aider les populations au <strong>N\u00e9pal<\/strong> \u00e0 travers son association Himali. Elle m\u2019a propos\u00e9 de l\u2019accompagner pour une mission aupr\u00e8s des enfants d\u2019un orphelinat qu\u2019elle connaissait bien\u00a0\u00bb, explique Fish.<\/p>\n<p class=\"fs-5 \">Son bo\u00eetier dans le sac, le photographe s\u2019est envol\u00e9 avec son \u00e9pouse Marina pour Katmandou, la capitale du pays. Choc.<\/p>\n<p>            <img decoding=\"async\" src=\"https:\/\/www.europesays.com\/fr\/wp-content\/uploads\/2025\/10\/d969049_ftp-import-images-1-zxuq4dq5js3h-12416075.jpg\" loading=\"lazy\" alt=\"Aryatara Shakya est d\u00e9sormais v\u00e9n\u00e9r\u00e9e comme \u00e9tant la r\u00e9incarnation de la d\u00e9esse Taleju mais dans sa forme virginale, pr\u00e9pub\u00e8re.\" class=\"img-fluid position-absolute w-100 object-fit-coverrounded-2\" width=\"600\" height=\"400\"\/><\/p>\n<p>                                                                                Soins m\u00e9dicaux, atelier photo<\/p>\n<p class=\"fs-5 \">Pendant douze jours, tous trois ont apport\u00e9 leur soutien aux familles\u00a0: aide \u00e0 la scolarit\u00e9, soins m\u00e9dicaux, nourriture, entretien de l\u2019orphelinat&#8230;<\/p>\n<p class=\"fs-5 \">Et Fish a organis\u00e9 sur place des <strong>ateliers photo<\/strong> pour les enfants. \u00c0 la d\u00e9couverte de son art. Parall\u00e8lement, l\u2019artiste shootait \u00e9videmment \u00e0 tout va dans les rues de <strong>Katmandou<\/strong> et de <strong>Patan<\/strong>, une ville toute proche.<\/p>\n<p class=\"fs-5 \">\u00c0 son retour en <strong>France<\/strong>, il a fallu choisir, parmi des milliers de clich\u00e9s capt\u00e9s, ceux qui pourraient figurer dans une exposition publique programm\u00e9e \u00e0 Toulon.<\/p>\n<p class=\"fs-5 \">\u00ab\u00a0J\u2019en ai choisi une trentaine qui, j\u2019esp\u00e8re, feront plaisir \u00e0 tous. Un livre accompagne \u00e9galement l\u2019\u00e9v\u00e9nement. \u00a0\u00bb<\/p>\n<p>                                                                                Un livre et une expo<\/p>\n<p class=\"fs-5 \">Ce livre, \u00e9dit\u00e9 chez Art&#8230;monie de Cuers, compte 220 pages avec une dizaine de textes po\u00e9tiques r\u00e9dig\u00e9s par l\u2019auteur-compositeur Jean-Pierre Mamone. Il sortira pile le jour de l\u2019exposition, le 16 octobre, \u00e0 Toulon.<\/p>\n<p class=\"fs-5 \">L\u2019adjointe au maire, <strong>Virginie Pin<\/strong>, est la marraine de la manifestation, et le rugbyman Thierry Louvet, en est le parrain.<\/p>\n<p class=\"fs-5 \"><strong>Le vernissage aura lieu \u00e0 18 h, le 16 octobre<\/strong>, \u00e0 l\u2019agence Dechatouville, dans le quartier Bazeilles.<\/p>\n<p class=\"fs-5 \">\u00ab\u00a0Tous les b\u00e9n\u00e9fices du livre seront revers\u00e9s \u00e0 l\u2019association Himali\u00a0; pour que Carol continue d\u2019\u0153uvrer au chevet des orphelins du N\u00e9pal\u00a0\u00bb, ajoute Fish.Et comme le N\u00e9pal a \u00e9t\u00e9 un coup de foudre pour lui et sa compagne, tous deux ont d\u00e9cid\u00e9 de parrainer un enfant de l\u2019orphelinat\u00a0: Aashika.<\/p>\n<p class=\"fs-5 \">L\u2019histoire, qui avait bien commenc\u00e9, se termine bien.<\/p>\n<p class=\"position-relative\">\n                Exposition au 5, rue Castel \u00e0 Toulon (agence Dechatouville). Association Himali\u00a0: <a href=\"http:\/\/www.himali-nepal.com\" target=\"_blank\" rel=\"nofollow noopener\">himali-nepal.com<\/a>\n            <\/p>\n<p>            <img decoding=\"async\" class=\"position-absolute end-0 bottom-0\" src=\"https:\/\/www.nicematin.com\/build\/images\/icons\/markpage_gray.svg\" alt=\"yellow mark\"\/><\/p>\n","protected":false},"excerpt":{"rendered":"Son nom d\u2019artiste est Fish et c\u2019est sous cette signature que Guillaume, photographe toulonnais, est connu. Il avait&hellip;\n","protected":false},"author":2,"featured_media":446330,"comment_status":"","ping_status":"","sticky":false,"template":"","format":"standard","meta":{"footnotes":""},"categories":[9619],"tags":[1111,11,1777,674,1011,27,12,882,25,2310],"class_list":{"0":"post-446329","1":"post","2":"type-post","3":"status-publish","4":"format-standard","5":"has-post-thumbnail","7":"category-toulon","8":"tag-actu","9":"tag-actualites","10":"tag-eu","11":"tag-europe","12":"tag-fr","13":"tag-france","14":"tag-news","15":"tag-provence-alpes-cote-dazur","16":"tag-republique-francaise","17":"tag-toulon"},"share_on_mastodon":{"url":"https:\/\/pubeurope.com\/@fr\/115335986329461352","error":""},"_links":{"self":[{"href":"https:\/\/www.europesays.com\/fr\/wp-json\/wp\/v2\/posts\/446329","targetHints":{"allow":["GET"]}}],"collection":[{"href":"https:\/\/www.europesays.com\/fr\/wp-json\/wp\/v2\/posts"}],"about":[{"href":"https:\/\/www.europesays.com\/fr\/wp-json\/wp\/v2\/types\/post"}],"author":[{"embeddable":true,"href":"https:\/\/www.europesays.com\/fr\/wp-json\/wp\/v2\/users\/2"}],"replies":[{"embeddable":true,"href":"https:\/\/www.europesays.com\/fr\/wp-json\/wp\/v2\/comments?post=446329"}],"version-history":[{"count":0,"href":"https:\/\/www.europesays.com\/fr\/wp-json\/wp\/v2\/posts\/446329\/revisions"}],"wp:featuredmedia":[{"embeddable":true,"href":"https:\/\/www.europesays.com\/fr\/wp-json\/wp\/v2\/media\/446330"}],"wp:attachment":[{"href":"https:\/\/www.europesays.com\/fr\/wp-json\/wp\/v2\/media?parent=446329"}],"wp:term":[{"taxonomy":"category","embeddable":true,"href":"https:\/\/www.europesays.com\/fr\/wp-json\/wp\/v2\/categories?post=446329"},{"taxonomy":"post_tag","embeddable":true,"href":"https:\/\/www.europesays.com\/fr\/wp-json\/wp\/v2\/tags?post=446329"}],"curies":[{"name":"wp","href":"https:\/\/api.w.org\/{rel}","templated":true}]}}