{"id":446335,"date":"2025-10-08T01:40:24","date_gmt":"2025-10-08T01:40:24","guid":{"rendered":"https:\/\/www.europesays.com\/fr\/446335\/"},"modified":"2025-10-08T01:40:24","modified_gmt":"2025-10-08T01:40:24","slug":"un-jeune-homme-escroque-des-retraites-pour-payer-ses-dettes","status":"publish","type":"post","link":"https:\/\/www.europesays.com\/fr\/446335\/","title":{"rendered":"Un jeune homme escroque des retrait\u00e9s pour payer ses dettes"},"content":{"rendered":"<p>Ce lundi, le tribunal de Rouen (<a href=\"https:\/\/www.20minutes.fr\/dossier\/seine_maritime-1\" class=\"c-link c-link--is-underlined\" rel=\"nofollow noopener\" target=\"_blank\">Seine-Maritime<\/a>) a jug\u00e9 un homme de 22 ans pour des faits d\u2019escroquerie. Durant deux jours, il a d\u00e9rob\u00e9 de l\u2019argent liquide et des bijoux \u00e0 des seniors rouennais. Il a finalement \u00e9t\u00e9 interpell\u00e9 lors d\u2019un de ses m\u00e9faits, gr\u00e2ce \u00e0 la vigilance de l\u2019un des enfants d\u2019une victime, rapporte <a href=\"https:\/\/actu.fr\/normandie\/rouen_76540\/a-rouen-il-monte-une-arnaque-bien-rodee-contre-des-personnes-agees-pour-payer-ses-amendes_63261835.html\" target=\"_blank\" class=\"c-link c-link--is-underlined\" rel=\"nofollow noopener\">actu.fr<\/a>. Le pr\u00e9venu a \u00e9t\u00e9 condamn\u00e9 \u00e0 18 mois de prison, dont 6 mois ferme sous bracelet \u00e9lectronique. Il devra \u00e9galement indemniser l\u2019ensemble de ses victimes.<\/p>\n<p>L\u2019accus\u00e9 a utilis\u00e9 l\u2019arnaque \u00e0 la mode de ces derni\u00e8res semaines\u00a0: <a href=\"https:\/\/www.20minutes.fr\/societe\/4175061-20250924-marne-gendarmes-mettent-garde-contre-arnaque-faux-conseiller-bancaire\" class=\"c-link c-link--is-underlined\" rel=\"nofollow noopener\" target=\"_blank\">celle du faux conseiller bancaire<\/a> et du faux coursier, tout en s\u2019adaptant au profil de ses cibles. La premi\u00e8re \u00e9tape consistait \u00e0 contacter la victime en se faisant passer pour un conseiller bancaire ou un fonctionnaire, afin de l\u2019alerter sur un pr\u00e9tendu probl\u00e8me de carte Vitale ou sur des mouvements suspects sur son compte. L\u2019escroc passait ensuite \u00e0 la deuxi\u00e8me \u00e9tape.<\/p>\n<p>Des faits \u00ab\u00a0odieux\u00a0\u00bb<\/p>\n<p>Une fois la victime pi\u00e9g\u00e9e, il annon\u00e7ait qu\u2019un coursier passerait r\u00e9cup\u00e9rer la carte bancaire et le code pour \u00ab\u00a0s\u00e9curiser\u00a0\u00bb l\u2019argent. Une fois en possession de ces \u00e9l\u00e9ments, il retirait le maximum de liquide. Il avait m\u00eame r\u00e9ussi \u00e0 subtiliser plusieurs bijoux en pr\u00e9textant une recrudescence des cambriolages dans le secteur. L\u2019homme a finalement \u00e9t\u00e9 confondu et arr\u00eat\u00e9 alors qu\u2019il se rendait chez une nouvelle victime dans une r\u00e9sidence pour <a href=\"https:\/\/www.20minutes.fr\/dossier\/senior\" class=\"c-link c-link--is-underlined\" rel=\"nofollow noopener\" target=\"_blank\">seniors<\/a>.<\/p>\n<\/p>\n<p>Face aux juges, le pr\u00e9venu a tent\u00e9 de justifier ses actes en affirmant qu\u2019il devait r\u00e9gler des dettes. La pr\u00e9sidente du tribunal a toutefois soulign\u00e9 la nature des victimes choisies\u00a0: des personnes \u00e2g\u00e9es, donc particuli\u00e8rement vuln\u00e9rables. Elle a qualifi\u00e9 les faits \u00ab\u00a0d\u2019extr\u00eamement d\u00e9sagr\u00e9ables et odieux\u00a0\u00bb.<\/p>\n","protected":false},"excerpt":{"rendered":"Ce lundi, le tribunal de Rouen (Seine-Maritime) a jug\u00e9 un homme de 22 ans pour des faits d\u2019escroquerie.&hellip;\n","protected":false},"author":2,"featured_media":446336,"comment_status":"","ping_status":"","sticky":false,"template":"","format":"standard","meta":{"footnotes":""},"categories":[9587],"tags":[1111,47,11,3514,1777,674,118,1011,27,303,12,5161,25,9590,5163],"class_list":{"0":"post-446335","1":"post","2":"type-post","3":"status-publish","4":"format-standard","5":"has-post-thumbnail","7":"category-rouen","8":"tag-actu","9":"tag-actualite","10":"tag-actualites","11":"tag-arnaque","12":"tag-eu","13":"tag-europe","14":"tag-faits-divers","15":"tag-fr","16":"tag-france","17":"tag-justice","18":"tag-news","19":"tag-normandie","20":"tag-republique-francaise","21":"tag-rouen","22":"tag-seine-maritime"},"share_on_mastodon":{"url":"https:\/\/pubeurope.com\/@fr\/115336001836182685","error":""},"_links":{"self":[{"href":"https:\/\/www.europesays.com\/fr\/wp-json\/wp\/v2\/posts\/446335","targetHints":{"allow":["GET"]}}],"collection":[{"href":"https:\/\/www.europesays.com\/fr\/wp-json\/wp\/v2\/posts"}],"about":[{"href":"https:\/\/www.europesays.com\/fr\/wp-json\/wp\/v2\/types\/post"}],"author":[{"embeddable":true,"href":"https:\/\/www.europesays.com\/fr\/wp-json\/wp\/v2\/users\/2"}],"replies":[{"embeddable":true,"href":"https:\/\/www.europesays.com\/fr\/wp-json\/wp\/v2\/comments?post=446335"}],"version-history":[{"count":0,"href":"https:\/\/www.europesays.com\/fr\/wp-json\/wp\/v2\/posts\/446335\/revisions"}],"wp:featuredmedia":[{"embeddable":true,"href":"https:\/\/www.europesays.com\/fr\/wp-json\/wp\/v2\/media\/446336"}],"wp:attachment":[{"href":"https:\/\/www.europesays.com\/fr\/wp-json\/wp\/v2\/media?parent=446335"}],"wp:term":[{"taxonomy":"category","embeddable":true,"href":"https:\/\/www.europesays.com\/fr\/wp-json\/wp\/v2\/categories?post=446335"},{"taxonomy":"post_tag","embeddable":true,"href":"https:\/\/www.europesays.com\/fr\/wp-json\/wp\/v2\/tags?post=446335"}],"curies":[{"name":"wp","href":"https:\/\/api.w.org\/{rel}","templated":true}]}}