{"id":446343,"date":"2025-10-08T01:45:32","date_gmt":"2025-10-08T01:45:32","guid":{"rendered":"https:\/\/www.europesays.com\/fr\/446343\/"},"modified":"2025-10-08T01:45:32","modified_gmt":"2025-10-08T01:45:32","slug":"a-strasbourg-voici-6-ateliers-diy-dedies-au-zero-dechet","status":"publish","type":"post","link":"https:\/\/www.europesays.com\/fr\/446343\/","title":{"rendered":"\u00e0 Strasbourg, voici 6 ateliers DIY d\u00e9di\u00e9s au z\u00e9ro d\u00e9chet !"},"content":{"rendered":"<p>    <img loading=\"lazy\" width=\"1800\" height=\"900\" src=\"https:\/\/www.europesays.com\/fr\/wp-content\/uploads\/2025\/08\/jeanne-callthepolice.jpg\" class=\"attachment-full size-full\" alt=\"\" id=\"imageLove\" decoding=\"async\"  \/><\/p>\n<p id=\"breadcrumbs\"><a href=\"https:\/\/pokaa.fr\/\" target=\"_blank\" rel=\"noopener\">Accueil<\/a> \/ <a href=\"https:\/\/pokaa.fr\/categories\/ses-sorties\/\" target=\"_blank\" rel=\"noopener\">Sorties<\/a> \/ C\u2019est gratuit : \u00e0 Strasbourg, voici 6 ateliers DIY d\u00e9di\u00e9s au z\u00e9ro d\u00e9chet !<\/p>\n<p>                    Sorties<\/p>\n<p><strong>R\u00e9duire ses d\u00e9chets, oui, mais comment ? Si vous ne savez pas par o\u00f9 commencer, ou si vous voulez d\u00e9nicher davantage d\u2019astuces encore, restez ici. L\u2019Eurom\u00e9tropole de Strasbourg organise gratuitement, et toute l\u2019ann\u00e9e, des ateliers et des visites pour s\u2019informer, sensibiliser, fabriquer. On vous explique ! <\/strong><\/p>\n<p><strong>Fabrication de cosm\u00e9tiques ou de produits m\u00e9nagers \u00e0 la maison, emballages cadeaux en tissu, protections hygi\u00e9niques ou couches lavables\u2026<\/strong> Autant de moyens pour diminuer ses d\u00e9chets, mais parfois, on ne sait pas par o\u00f9 commencer.<\/p>\n<p><strong>Toute l\u2019ann\u00e9e, les habitant(e)s de l\u2019Eurom\u00e9tropole peuvent s\u2019inscrire \u00e0 des ateliers ou visites,<\/strong> pour s\u2019initier \u00e0 des mani\u00e8res de faire et de consommer en \u00e9tant \u00e9co-responsable, mais aussi apprendre \u00e0 faire soi-m\u00eame.<\/p>\n<p>    <img width=\"784\" height=\"674\" src=\"https:\/\/www.europesays.com\/fr\/wp-content\/uploads\/2025\/10\/0n8a3250-1024x682-1.jpg\" class=\"attachment-image-size-L size-image-size-L\" alt=\"cosm\u00e9tiques DIY z\u00e9ro d\u00e9chet\" decoding=\"async\" loading=\"lazy\"  \/>         \u00a9 Maria Fernandes \/ Pokaa <\/p>\n<p>Cela peut aussi \u00eatre l\u2019occasion de <strong>d\u00e9couvrir comment fonctionnent les centres de tri, de sensibiliser petit(e)s et grand(e)s autour de la gestion des d\u00e9chets, ou encore de repartir avec ses produits faits maison :<\/strong> le programme est vaste, et on fait le point sur les prochaines dates\u00a0!<\/p>\n<p>Le z\u00e9ro d\u00e9chet pour tout le monde : quelques dates \u00e0 venir<\/p>\n<p>Ce samedi 11 octobre, il sera possible de <strong>visiter le centre de tri des d\u00e9chets Altem<\/strong>, ainsi que <strong>le centre de valorisation des d\u00e9chets verts,<\/strong> tous deux situ\u00e9s route du Rohrschollen, \u00e0 Strasbourg. L\u2019occasion de d\u00e9couvrir diff\u00e9rentes \u00e9tapes de transformation et de r\u00e9utilisation de nos d\u00e9chets sous d\u2019autres formes, le tout depuis les coulisses.<\/p>\n<p>    <img width=\"800\" height=\"533\" src=\"https:\/\/www.europesays.com\/fr\/wp-content\/uploads\/2025\/10\/parc-orangerie-verdure-vegetal-plantes-nature-86-800x533.jpg\" class=\"attachment-image-size-L size-image-size-L\" alt=\"Parc Orangerie verdure v\u00e9g\u00e9tal plantes nature (86)\" decoding=\"async\" loading=\"lazy\"  \/>         \u00a9 Marie Goehner-David \/ Pokaa <\/p>\n<p>Le samedi 25 octobre, la m\u00e9diath\u00e8que du Neudorf accueillera l\u2019atelier <strong>\u00ab\u00a0Tri la main dans le sac\u00a0\u00bb,<\/strong> accessible d\u00e8s 10 ans, pour expliquer le comment et le pourquoi du tri des d\u00e9chets\u2026 et son importance\u00a0!<\/p>\n<p>Vous pourrez y revenir le 29 novembre, cette fois-ci pour <strong>un atelier d\u00e9couverte \u00ab Protections menstruelles lavables \u00bb<\/strong>, histoire de papoter et peut-\u00eatre sauter le pas.<\/p>\n<p>    <img width=\"800\" height=\"457\" src=\"https:\/\/www.europesays.com\/fr\/wp-content\/uploads\/2025\/10\/serviette-800x457.png\" class=\"attachment-image-size-L size-image-size-L\" alt=\"serviette z\u00e9ro d\u00e9chet\" decoding=\"async\" loading=\"lazy\"  \/>         \u00a9 Chlo\u00e9 Moulin \/ Pokaa <\/p>\n<p>Dans la m\u00eame veine, le centre socioculturel Cardek \u00e0 la Krutenau vous accueillera le jeudi 6 novembre pour <strong>(re)d\u00e9couvrir le principe des couches lavables<\/strong> pour les b\u00e9b\u00e9s, avant de vous permettre de <strong>fabriquer votre propre liniment \u00e0 emporter chez vous. <\/strong><\/p>\n<p>                <img width=\"667\" height=\"500\" src=\"https:\/\/www.europesays.com\/fr\/wp-content\/uploads\/2025\/06\/la-maison-du-compost1-667x500.jpg\" class=\"attachment-gallery size-gallery\" alt=\"La maison du compost + rendez-vous rdv alimentation\" data-full-url=\"https:\/\/pokaa.fr\/wp-content\/uploads\/2025\/05\/26\/la-maison-du-compost1.jpg\" decoding=\"async\" loading=\"lazy\"  \/>            <\/p>\n<p>                <img width=\"750\" height=\"500\" src=\"https:\/\/www.europesays.com\/fr\/wp-content\/uploads\/2025\/10\/green-phoenix-3.jpg\" class=\"attachment-gallery size-gallery\" alt=\"Green Phoenix compostage  3\" data-full-url=\"https:\/\/www.europesays.com\/fr\/wp-content\/uploads\/2025\/10\/green-phoenix-3.jpg\" decoding=\"async\" loading=\"lazy\"  \/>            <\/p>\n<p>                <img width=\"752\" height=\"500\" src=\"https:\/\/www.europesays.com\/fr\/wp-content\/uploads\/2025\/10\/231204-pka-la-maison-du-compost-22-752x500.jpg\" class=\"attachment-gallery size-gallery\" alt=\"Nature en ville Maison du compost\" data-full-url=\"https:\/\/pokaa.fr\/wp-content\/uploads\/2023\/12\/08\/231204-pka-la-maison-du-compost-22.jpg\" decoding=\"async\" loading=\"lazy\"  \/>            <\/p>\n<p>                <img width=\"752\" height=\"500\" src=\"https:\/\/www.europesays.com\/fr\/wp-content\/uploads\/2025\/10\/231204-pka-la-maison-du-compost-17-752x500.jpg\" class=\"attachment-gallery size-gallery\" alt=\"Nature en ville Maison du compost\" data-full-url=\"https:\/\/pokaa.fr\/wp-content\/uploads\/2023\/12\/08\/231204-pka-la-maison-du-compost-17.jpg\" decoding=\"async\" loading=\"lazy\"  \/>            <\/p>\n<p>                    1. \u00a9 La Maison du Compost \/ Document remis ; 2. \u00a9 Mathilde Piaud ; 3. et 4. \u00a9 Adrien Labit \/ Pokaa<\/p>\n<p>Pour celles et ceux qui ont la main verte, rendez-vous le 22 novembre au jardin partag\u00e9 Saint-Gall \u00e0 Koenigshoffen, pour <strong>un atelier compostage et vermicompostage,<\/strong> anim\u00e9 par La Maison du Compost, histoire de nourrir vos plantations avec amour.<\/p>\n<p>De nombreuses autres animations sont \u00e0 l\u2019agenda\u00a0: <strong>pour vous inscrire gratuitement et suivre les diff\u00e9rents ateliers, c\u2019est <a href=\"https:\/\/demarches.strasbourg.eu\/proprete\/ateliers-dechets\/\" target=\"_blank\" rel=\"noopener\">par ici<\/a> ! <\/strong>Alors, vous tentez le coup\u00a0?<\/p>\n<p>            Ateliers et visites z\u00e9ro d\u00e9chet<\/p>\n<p>            Quoi ? <\/p>\n<p>Ateliers gratuits sur inscription propos\u00e9s par l\u2019Eurom\u00e9tropole de Strasbourg<\/p>\n<p>                Quand ?<\/p>\n<p>Toute l\u2019ann\u00e9e<\/p>\n<p>            o\u00f9 ?<\/p>\n<p>Lieux divers dans Strasbourg<\/p>\n<p>                Plus d&rsquo;infos ?<\/p>\n<p><a href=\"https:\/\/demarches.strasbourg.eu\/proprete\/ateliers-dechets\/\" target=\"_blank\" rel=\"noopener\">Programme complet et inscriptions<\/a><\/p>\n","protected":false},"excerpt":{"rendered":"Accueil \/ Sorties \/ C\u2019est gratuit : \u00e0 Strasbourg, voici 6 ateliers DIY d\u00e9di\u00e9s au z\u00e9ro d\u00e9chet !&hellip;\n","protected":false},"author":2,"featured_media":446344,"comment_status":"","ping_status":"","sticky":false,"template":"","format":"standard","meta":{"footnotes":""},"categories":[2820],"tags":[1111,11,57239,51,57240,1777,674,1011,27,775,12,25,640,23088],"class_list":{"0":"post-446343","1":"post","2":"type-post","3":"status-publish","4":"format-standard","5":"has-post-thumbnail","7":"category-strasbourg","8":"tag-actu","9":"tag-actualites","10":"tag-anti-gaspi","11":"tag-ecologie","12":"tag-ecoresponsable","13":"tag-eu","14":"tag-europe","15":"tag-fr","16":"tag-france","17":"tag-grand-est","18":"tag-news","19":"tag-republique-francaise","20":"tag-strasbourg","21":"tag-zero-dechet"},"share_on_mastodon":{"url":"https:\/\/pubeurope.com\/@fr\/115336021842235233","error":""},"_links":{"self":[{"href":"https:\/\/www.europesays.com\/fr\/wp-json\/wp\/v2\/posts\/446343","targetHints":{"allow":["GET"]}}],"collection":[{"href":"https:\/\/www.europesays.com\/fr\/wp-json\/wp\/v2\/posts"}],"about":[{"href":"https:\/\/www.europesays.com\/fr\/wp-json\/wp\/v2\/types\/post"}],"author":[{"embeddable":true,"href":"https:\/\/www.europesays.com\/fr\/wp-json\/wp\/v2\/users\/2"}],"replies":[{"embeddable":true,"href":"https:\/\/www.europesays.com\/fr\/wp-json\/wp\/v2\/comments?post=446343"}],"version-history":[{"count":0,"href":"https:\/\/www.europesays.com\/fr\/wp-json\/wp\/v2\/posts\/446343\/revisions"}],"wp:featuredmedia":[{"embeddable":true,"href":"https:\/\/www.europesays.com\/fr\/wp-json\/wp\/v2\/media\/446344"}],"wp:attachment":[{"href":"https:\/\/www.europesays.com\/fr\/wp-json\/wp\/v2\/media?parent=446343"}],"wp:term":[{"taxonomy":"category","embeddable":true,"href":"https:\/\/www.europesays.com\/fr\/wp-json\/wp\/v2\/categories?post=446343"},{"taxonomy":"post_tag","embeddable":true,"href":"https:\/\/www.europesays.com\/fr\/wp-json\/wp\/v2\/tags?post=446343"}],"curies":[{"name":"wp","href":"https:\/\/api.w.org\/{rel}","templated":true}]}}