{"id":446349,"date":"2025-10-08T01:48:20","date_gmt":"2025-10-08T01:48:20","guid":{"rendered":"https:\/\/www.europesays.com\/fr\/446349\/"},"modified":"2025-10-08T01:48:20","modified_gmt":"2025-10-08T01:48:20","slug":"francois-hollande-et-julie-gayet-pourrissent-la-vie-de-leurs-voisins-dans-le-20e-arrondissement-de-paris","status":"publish","type":"post","link":"https:\/\/www.europesays.com\/fr\/446349\/","title":{"rendered":"Fran\u00e7ois Hollande et Julie Gayet pourrissent la vie de leurs voisins dans le 20e arrondissement de Paris"},"content":{"rendered":"<p class=\"fs-5 \">Pas facile d\u2019habiter \u00e0 c\u00f4t\u00e9 d\u2019un ancien Pr\u00e9sident. <a href=\"https:\/\/www.lecanardenchaine.fr\/politique\/52024-francois-hollande-fait-beaucoup-de-bruit-pour-rien\" target=\"_blank\" rel=\"nofollow noopener\">Selon le Canard encha\u00een\u00e9<\/a>, les riverains du paisible quartier de la Campagne, dans le 20\u00e8me arrondissement de Paris, seraient exc\u00e9d\u00e9s par les nuisances sonores occasionn\u00e9es par la venue de Fran\u00e7ois Hollande et Julie Gayet.<\/p>\n<p class=\"fs-5 \">En cause notamment, la pr\u00e9sence polici\u00e8re 24\u00a0heures sur 24, inh\u00e9rente au statut d\u2019ancien Pr\u00e9sident du septuag\u00e9naire.<\/p>\n<p>            <img decoding=\"async\" src=\"https:\/\/www.europesays.com\/fr\/wp-content\/uploads\/2025\/10\/cb9e127_upload-from-url-1-14wr4kfuvfsu-capture-5-3-e1595614634443.jpg\" loading=\"lazy\" alt=\"L\u2019ancien pr\u00e9sident et sa compagne ont \u00e9t\u00e9 re\u00e7us au Domaine du Rayol-Canadel par Andr\u00e9 Delmonte (\u00e0 gauche) et Olivier Arnaud.  \" class=\"img-fluid position-absolute w-100 object-fit-coverrounded-2\" width=\"600\" height=\"400\"\/><\/p>\n<p class=\"fs-5 \">Depuis l\u2019installation du couple en 2023\u00a0dans le quartier, un v\u00e9hicule de police est stationn\u00e9 devant son domicile, m\u00eame si les int\u00e9ress\u00e9s ne sont pas pr\u00e9sents.<\/p>\n<p class=\"fs-5 \">Et le moteur tourne en permanence\u00a0: \u00ab\u00a0l\u2019\u00e9t\u00e9, et m\u00eame en septembre, pour avoir la clim, en laissant parfois les vitres ouvertes, et l\u2019hiver pour le chauffage\u00a0\u00bb, rapporte une habitante au Canard encha\u00een\u00e9.<\/p>\n<p class=\"fs-5 \">Pour leur part, les int\u00e9ress\u00e9s n\u2019ont pas fait de d\u00e9claration publique r\u00e9cemment \u00e0 ce sujet. Fran\u00e7ois Hollande aurait cependant demand\u00e9 l\u2019interruption de cette surveillance mais en vain.<\/p>\n","protected":false},"excerpt":{"rendered":"Pas facile d\u2019habiter \u00e0 c\u00f4t\u00e9 d\u2019un ancien Pr\u00e9sident. Selon le Canard encha\u00een\u00e9, les riverains du paisible quartier de&hellip;\n","protected":false},"author":2,"featured_media":446350,"comment_status":"","ping_status":"","sticky":false,"template":"","format":"standard","meta":{"footnotes":""},"categories":[2819],"tags":[1111,11,1777,674,1011,27,12,2401,882,25],"class_list":{"0":"post-446349","1":"post","2":"type-post","3":"status-publish","4":"format-standard","5":"has-post-thumbnail","7":"category-nice","8":"tag-actu","9":"tag-actualites","10":"tag-eu","11":"tag-europe","12":"tag-fr","13":"tag-france","14":"tag-news","15":"tag-nice","16":"tag-provence-alpes-cote-dazur","17":"tag-republique-francaise"},"share_on_mastodon":{"url":"https:\/\/pubeurope.com\/@fr\/115336033373226660","error":""},"_links":{"self":[{"href":"https:\/\/www.europesays.com\/fr\/wp-json\/wp\/v2\/posts\/446349","targetHints":{"allow":["GET"]}}],"collection":[{"href":"https:\/\/www.europesays.com\/fr\/wp-json\/wp\/v2\/posts"}],"about":[{"href":"https:\/\/www.europesays.com\/fr\/wp-json\/wp\/v2\/types\/post"}],"author":[{"embeddable":true,"href":"https:\/\/www.europesays.com\/fr\/wp-json\/wp\/v2\/users\/2"}],"replies":[{"embeddable":true,"href":"https:\/\/www.europesays.com\/fr\/wp-json\/wp\/v2\/comments?post=446349"}],"version-history":[{"count":0,"href":"https:\/\/www.europesays.com\/fr\/wp-json\/wp\/v2\/posts\/446349\/revisions"}],"wp:featuredmedia":[{"embeddable":true,"href":"https:\/\/www.europesays.com\/fr\/wp-json\/wp\/v2\/media\/446350"}],"wp:attachment":[{"href":"https:\/\/www.europesays.com\/fr\/wp-json\/wp\/v2\/media?parent=446349"}],"wp:term":[{"taxonomy":"category","embeddable":true,"href":"https:\/\/www.europesays.com\/fr\/wp-json\/wp\/v2\/categories?post=446349"},{"taxonomy":"post_tag","embeddable":true,"href":"https:\/\/www.europesays.com\/fr\/wp-json\/wp\/v2\/tags?post=446349"}],"curies":[{"name":"wp","href":"https:\/\/api.w.org\/{rel}","templated":true}]}}