{"id":446351,"date":"2025-10-08T01:50:25","date_gmt":"2025-10-08T01:50:25","guid":{"rendered":"https:\/\/www.europesays.com\/fr\/446351\/"},"modified":"2025-10-08T01:50:25","modified_gmt":"2025-10-08T01:50:25","slug":"un-homme-agresse-a-coups-de-couteau-de-hache-et-de-batte-de-baseball-pres-dune-mosquee","status":"publish","type":"post","link":"https:\/\/www.europesays.com\/fr\/446351\/","title":{"rendered":"un homme agress\u00e9 \u00e0 coups de couteau, de hache et de batte de baseball pr\u00e8s d\u2019une mosqu\u00e9e"},"content":{"rendered":"<p>Dans le quartier Bellevue, un quinquag\u00e9naire a \u00e9t\u00e9 pris pour cible lundi soir. L\u2019origine de l\u2019agression pourrait \u00eatre un diff\u00e9rend portant sur les places occup\u00e9es par les protagonistes dans leur lieu de culte.<\/p>\n<p class=\"fig-paragraph\">Un homme a \u00e9t\u00e9 agress\u00e9 lundi soir \u00e0\u00a0<a href=\"http:\/\/www.lefigaro.fr\/nantes\/refus-d-obtemperer-a-nantes-un-gendarme-blesse-un-autre-ouvre-le-feu-sur-le-vehicule-en-fuite-20251006\" target=\"_blank\" data-fig-type=\"NewsFlash\" rel=\"noopener nofollow\" data-gtm-custom-categorie=\"navigation\" data-gtm-custom-action=\"crossclick\" data-gtm-custom-label=\"Contextuel\" data-gtm-event=\"customEventSPE\" data-fig-domain=\"LEFIGARO\">Nantes<\/a>, aux alentours d\u2019une\u00a0<a href=\"http:\/\/www.lefigaro.fr\/marseille\/marseille-la-mosquee-des-bleuets-officiellement-sous-le-coup-d-une-fermeture-20251006\" target=\"_blank\" data-fig-type=\"NewsFlash\" rel=\"noopener nofollow\" data-gtm-custom-categorie=\"navigation\" data-gtm-custom-action=\"crossclick\" data-gtm-custom-label=\"Contextuel\" data-gtm-event=\"customEventSPE\" data-fig-domain=\"LEFIGARO\">mosqu\u00e9e<\/a>\u00a0du quartier\u00a0<a href=\"http:\/\/www.lefigaro.fr\/nantes\/futur-espace-vert-dans-un-quartier-prioritaire-de-nantes-la-droite-denonce-une-vision-erronee-et-angelique-20240409\" target=\"_blank\" data-fig-type=\"NewsFlash\" rel=\"noopener nofollow\" data-gtm-custom-categorie=\"navigation\" data-gtm-custom-action=\"crossclick\" data-gtm-custom-label=\"Contextuel\" data-gtm-event=\"customEventSPE\" data-fig-domain=\"LEFIGARO\">Bellevue<\/a>. Vers 21h, \u00e0 600 m\u00e8tres du lieu de culte en question, un homme de 52 ans a \u00e9t\u00e9 pris \u00e0 partie par trois individus. Il s\u2019agit de \u00abviolences avec armes (couteaux et hache) donn\u00e9es au niveau de l\u2019arri\u00e8re de la t\u00eate par deux individus et un troisi\u00e8me qui devait donner des coups de batte de baseball sur le bras de la m\u00eame victime\u00bb, a communiqu\u00e9 ce mardi le procureur de la R\u00e9publique de Nantes, Antoine Leroy, confirmant une information d\u2019<a href=\"https:\/\/www.francebleu.fr\/infos\/faits-divers-justice\/nantes-un-homme-agresse-devant-une-mosquee-une-personne-en-garde-a-vue-3265489\" target=\"_blank\" rel=\"noopener nofollow\" data-gtm-custom-categorie=\"navigation\" data-gtm-custom-action=\"crossclick\" data-gtm-custom-label=\"Contextuel\" data-gtm-event=\"customEventSPE\">Ici Loire Oc\u00e9an<\/a>. Les jours du quinquag\u00e9naire, transport\u00e9 au\u00a0<a href=\"http:\/\/www.lefigaro.fr\/nantes\/chu-de-nantes-vers-un-recours-a-l-ia-pour-ameliorer-la-prise-en-charge-des-cancers-20250212\" target=\"_blank\" data-fig-type=\"NewsFlash\" rel=\"noopener nofollow\" data-gtm-custom-categorie=\"navigation\" data-gtm-custom-action=\"crossclick\" data-gtm-custom-label=\"Contextuel\" data-gtm-event=\"customEventSPE\" data-fig-domain=\"LEFIGARO\">CHU de Nantes<\/a>, ne sont pas en danger.<\/p>\n<p>Tentative d\u2019homicide volontaire<\/p>\n<p class=\"fig-paragraph\">\u00abUne garde \u00e0 vue est en cours\u00bb, pr\u00e9cise le magistrat nantais, et \u00abdes t\u00e9moins qui ont assist\u00e9 \u00e0 la sc\u00e8ne vont \u00eatre entendus\u00bb. Selon la radio locale, deux heures apr\u00e8s l\u2019agression, un homme s\u2019est pr\u00e9sent\u00e9 au commissariat pour d\u00e9poser plaintes pour des violences. Il a finalement \u00e9t\u00e9 plac\u00e9 en garde \u00e0 vue et pourrait correspondre \u00e0 l\u2019un des agresseurs.<\/p>\n<p>                                    <a class=\"fig-a11y-skip a11y-hidden\" href=\"#fig-a11y-skip-main-inarticle\"><br \/>\n        Passer la publicit\u00e9<br \/>\n    <\/a><\/p>\n<p class=\"fig-paragraph\">Selon les dires de la victime, \u00abil s\u2019agirait d\u2019un conflit portant sur les places occup\u00e9es dans la mosqu\u00e9e, lors des pri\u00e8res, par chacun des protagonistes, tous \u00e9tant des fid\u00e8les de cette mosqu\u00e9e\u00bb, pr\u00e9cise encore le procureur de la R\u00e9publique, sans pouvoir donner davantage de d\u00e9tails. Une enqu\u00eate pour tentative d\u2019homicide volontaire par arme blanche a \u00e9t\u00e9 ouverte.<\/p>\n","protected":false},"excerpt":{"rendered":"Dans le quartier Bellevue, un quinquag\u00e9naire a \u00e9t\u00e9 pris pour cible lundi soir. L\u2019origine de l\u2019agression pourrait \u00eatre&hellip;\n","protected":false},"author":2,"featured_media":446352,"comment_status":"","ping_status":"","sticky":false,"template":"","format":"standard","meta":{"footnotes":""},"categories":[2818],"tags":[1111,11,1120,1777,674,1011,27,14577,766,12,2636,25],"class_list":{"0":"post-446351","1":"post","2":"type-post","3":"status-publish","4":"format-standard","5":"has-post-thumbnail","7":"category-nantes","8":"tag-actu","9":"tag-actualites","10":"tag-agression","11":"tag-eu","12":"tag-europe","13":"tag-fr","14":"tag-france","15":"tag-mosquee","16":"tag-nantes","17":"tag-news","18":"tag-pays-de-la-loire","19":"tag-republique-francaise"},"share_on_mastodon":{"url":"https:\/\/pubeurope.com\/@fr\/115336041078017313","error":""},"_links":{"self":[{"href":"https:\/\/www.europesays.com\/fr\/wp-json\/wp\/v2\/posts\/446351","targetHints":{"allow":["GET"]}}],"collection":[{"href":"https:\/\/www.europesays.com\/fr\/wp-json\/wp\/v2\/posts"}],"about":[{"href":"https:\/\/www.europesays.com\/fr\/wp-json\/wp\/v2\/types\/post"}],"author":[{"embeddable":true,"href":"https:\/\/www.europesays.com\/fr\/wp-json\/wp\/v2\/users\/2"}],"replies":[{"embeddable":true,"href":"https:\/\/www.europesays.com\/fr\/wp-json\/wp\/v2\/comments?post=446351"}],"version-history":[{"count":0,"href":"https:\/\/www.europesays.com\/fr\/wp-json\/wp\/v2\/posts\/446351\/revisions"}],"wp:featuredmedia":[{"embeddable":true,"href":"https:\/\/www.europesays.com\/fr\/wp-json\/wp\/v2\/media\/446352"}],"wp:attachment":[{"href":"https:\/\/www.europesays.com\/fr\/wp-json\/wp\/v2\/media?parent=446351"}],"wp:term":[{"taxonomy":"category","embeddable":true,"href":"https:\/\/www.europesays.com\/fr\/wp-json\/wp\/v2\/categories?post=446351"},{"taxonomy":"post_tag","embeddable":true,"href":"https:\/\/www.europesays.com\/fr\/wp-json\/wp\/v2\/tags?post=446351"}],"curies":[{"name":"wp","href":"https:\/\/api.w.org\/{rel}","templated":true}]}}