{"id":446357,"date":"2025-10-08T01:53:11","date_gmt":"2025-10-08T01:53:11","guid":{"rendered":"https:\/\/www.europesays.com\/fr\/446357\/"},"modified":"2025-10-08T01:53:11","modified_gmt":"2025-10-08T01:53:11","slug":"la-compagnie-du-chocolat-histoire-de-famille-et-de-papilles","status":"publish","type":"post","link":"https:\/\/www.europesays.com\/fr\/446357\/","title":{"rendered":"La Compagnie du Chocolat. Histoire de Famille et de papilles"},"content":{"rendered":"<p>En ces temps de divisions, il continue de f\u00e9d\u00e9rer et d\u2019\u00e9moustiller les papilles. Le chocolat rassemble assez largement les suffrages des gourmands fran\u00e7ais. La consommation dans notre pays serait en moyenne de 6,4 kilogrammes par habitant chaque ann\u00e9e. Un chiffre cons\u00e9quent qui place la France comme dixi\u00e8me nation mondiale la plus consommatrice de chocolat. \u00c0 Toulouse, la famille Puyuelo consacre sa vie \u00e0 ce met all\u00e9chant depuis un peu plus de trente ans. Les deux boutiques de la Compagnie du Chocolat, situ\u00e9es rue des Puits-Clos et rue du Taur, font partie du paysage toulousain depuis un moment mais peu connaissent l\u2019histoire de l\u2019enseigne.<\/p>\n<p>\u00ab\u00a0Certains pensent que nous appartenons \u00e0 une franchise alors que nous sommes une entreprise familiale locale et ind\u00e9pendante. Avec Vincent, mon mari, nous sommes des autodidactes. Nous avons ouvert un kiosque en 1994 au centre commercial de Lab\u00e8ge. En 2005, nous avons install\u00e9 notre atelier-boutique de la rue des Puits-Clos et, en 2016, celui de la rue du Taur. Aujourd\u2019hui, notre fils Maxime est \u00e0 nos c\u00f4t\u00e9s. Il est amen\u00e9 \u00e0 reprendre le flambeau\u00a0\u00bb, r\u00e9sume la codirigeante de la chocolaterie, Isabelle Puyuelo.<\/p>\n<p>Une chocolaterie occitane qui puise cependant ses influences \u00e0 l\u2019international. Le p\u00e8re Vincent a en effet d\u00e9cid\u00e9 de sauter dans le grand bain (marie) apr\u00e8s un voyage aux \u00c9tats-Unis et, en 2019, il a remport\u00e9 un prix pour un \u201cfudge\u201d \u00e0 la confiture de lait, confiserie tr\u00e8s appr\u00e9ci\u00e9e dans le pays anglo-saxons. Le fiston Maxime, aujourd\u2019hui jeune trentenaire, a de son c\u00f4t\u00e9 fait ses armes de chocolatier en Su\u00e8de et en Suisse.<\/p>\n<p>\u00ab\u00a0Nous nous sommes tr\u00e8s souvent remis en question\u00a0\u00bb<\/p>\n<p>Aujourd\u2019hui, 100\u00a0% des produits vendus par La Compagnie du Chocolat (feuilles en chocolat, roches pralin\u00e9es, truffes, orangettes, tableaux et autres bouch\u00e9es) sont fabriqu\u00e9s dans les petits ateliers-boutiques toulousains d\u2019une trentaine de m\u00e8tres carr\u00e9s. Le chocolat provient de la marque Valrhona avec des cacaos originaires du Ghana et de la C\u00f4te d\u2019Ivoire. Il est labellis\u00e9 <a href=\"https:\/\/bcorporation.fr\/\" class=\"spip_out\" rel=\"external nofollow noopener\" target=\"_blank\">B Corp<\/a>, signe du s\u00e9rieux de la d\u00e9marche sociale et environnementale de ce fournisseur. Au niveau local, la chocolaterie a nou\u00e9 parall\u00e8lement une relation solide avec Les Cargos Toulousains pour la livraison en centre-ville et avec l\u2019agence web e-commerce PH2M pour la partie commerce en ligne.<\/p>\n<p> <a href=\"https:\/\/www.touleco.fr\/IMG\/jpg\/a\/1\/8\/touleco_f2096.jpg\" class=\"spip_doc_lien mediabox\" type=\"image\/jpeg\" rel=\"nofollow noopener\" target=\"_blank\"><br \/>\n\t\t<img loading=\"lazy\" decoding=\"async\" src=\"https:\/\/www.europesays.com\/fr\/wp-content\/uploads\/2025\/10\/9b25cfb19f63948ae9dd6fd2bd0d5a.webp\" width=\"650\" height=\"433\" alt=\"\"\/><\/a><\/p>\n<p>\u00ab\u00a0Si nous sommes toujours l\u00e0, c\u2019est que nous nous sommes tr\u00e8s souvent remis en question. Lors de la crise Covid, PH2M nous a aid\u00e9s \u00e0 booster notre boutique en ligne. C\u2019est ce qui nous a permis de r\u00e9sister dans une p\u00e9riode pas facile. Au fil des ann\u00e9es, nous ne nous sommes pas endormis sur nos lauriers. Nous avons fait des formations aupr\u00e8s de Bocuse et Len\u00f4tre, par exemple, et nous avons d\u00e9velopp\u00e9 des offres vers les entreprises\u00a0\u00bb, confie Vincent Puyuelo. La Compagnie du Chocolat propose en effet \u00e0 la cible professionnelle ateliers p\u00e9dagogiques et cocktails d\u00e9gustation. Une activit\u00e9 BtoB qui repr\u00e9sente aujourd\u2019hui 10\u00a0% du chiffre d\u2019affaires de la chocolaterie\u00a0[<a href=\"#nb1\" class=\"spip_note\" rel=\"appendix\" title=\"Le dernier chiffre d\u2019affaires de La Compagnie du Chocolat \u00e9tait de 800.000\u00a0(\u2026)\" id=\"nh1\">1<\/a>].<\/p>\n<p>En ce d\u00e9but d\u2019automne, la famille commence \u00e0 pr\u00e9parer s\u00e9rieusement les importants rendez-vous chocolat\u00e9s de la fin de l\u2019ann\u00e9e. \u00ab\u00a0Il y a le March\u00e9 du chocolat, du 10 au 12\u00a0octobre, le Salon du chocolat au Meett, du 24 au 26\u00a0octobre, puis nous allons rentrer dans la pr\u00e9paration des f\u00eates de fin d\u2019ann\u00e9e puis des v\u0153ux de d\u00e9but d\u2019ann\u00e9e. En d\u00e9cembre-janvier, on fait 50\u00a0% de notre chiffre d\u2019affaires. Puis, il y aura notre deuxi\u00e8me grand rendez-vous de l\u2019ann\u00e9e, P\u00e2ques. Le reste de l\u2019ann\u00e9e, nous sommes davantage d\u00e9pendants du temps. S\u2019il fait froid et gris, on a plus tendance \u00e0 se retourner vers les confiseries et le chocolat\u00a0\u00bb, d\u00e9taille et analyse Isabelle Puyuelo. Petit \u00e0 petit, elle pr\u00e9pare avec son mari <a href=\"https:\/\/www.touleco.fr\/Emilie-Lirola-ECS-Il-faut-preparer-tot-sa-sortie,46112\" class=\"spip_in\" rel=\"nofollow noopener\" target=\"_blank\">la transmission de l\u2019entreprise familiale<\/a> \u00e0 leur fils. Sur la m\u00eame longueur d\u2019onde que ses parents, Maxime \u00ab\u00a0veut innover\u00a0\u00bb mais ne veut \u00ab\u00a0pas d\u00e9velopper l\u2019entreprise \u00e0 l\u2019exc\u00e8s\u00a0\u00bb. Un exc\u00e8s qu\u2019il n\u2019a jamais connu avec les chocolats, m\u00eame s\u2019il a grandi entour\u00e9 de tentations sucr\u00e9es. De ses parents, il semble avoir h\u00e9rit\u00e9 d\u2019un caract\u00e8re raisonnable et d\u2019une force toute en tranquillit\u00e9.  <br class=\"autobr\"\/><br \/>\nMatthias Hardoy<\/p>\n<p>Sur les photos\u00a0: Maxime et Isabelle Puyuelo de La Compagnie du Chocolat. Cr\u00e9dit\u00a0: R\u00e9my Gabalda-Toul\u00c9co.<\/p>\n<p>Notes<\/p>\n<p>[<a href=\"#nh1\" class=\"spip_note\" title=\"Notes 1\" rev=\"appendix\">1<\/a>]\u00a0Le dernier chiffre d\u2019affaires de La Compagnie du Chocolat \u00e9tait de 800.000 euros.<\/p>\n","protected":false},"excerpt":{"rendered":"En ces temps de divisions, il continue de f\u00e9d\u00e9rer et d\u2019\u00e9moustiller les papilles. Le chocolat rassemble assez largement&hellip;\n","protected":false},"author":2,"featured_media":446358,"comment_status":"","ping_status":"","sticky":false,"template":"","format":"standard","meta":{"footnotes":""},"categories":[2816],"tags":[1111,11,215,1777,674,1011,27,1661,12,2680,25,2312],"class_list":{"0":"post-446357","1":"post","2":"type-post","3":"status-publish","4":"format-standard","5":"has-post-thumbnail","7":"category-toulouse","8":"tag-actu","9":"tag-actualites","10":"tag-commerce","11":"tag-eu","12":"tag-europe","13":"tag-fr","14":"tag-france","15":"tag-gastronomie","16":"tag-news","17":"tag-occitanie","18":"tag-republique-francaise","19":"tag-toulouse"},"share_on_mastodon":{"url":"https:\/\/pubeurope.com\/@fr\/115336053219826570","error":""},"_links":{"self":[{"href":"https:\/\/www.europesays.com\/fr\/wp-json\/wp\/v2\/posts\/446357","targetHints":{"allow":["GET"]}}],"collection":[{"href":"https:\/\/www.europesays.com\/fr\/wp-json\/wp\/v2\/posts"}],"about":[{"href":"https:\/\/www.europesays.com\/fr\/wp-json\/wp\/v2\/types\/post"}],"author":[{"embeddable":true,"href":"https:\/\/www.europesays.com\/fr\/wp-json\/wp\/v2\/users\/2"}],"replies":[{"embeddable":true,"href":"https:\/\/www.europesays.com\/fr\/wp-json\/wp\/v2\/comments?post=446357"}],"version-history":[{"count":0,"href":"https:\/\/www.europesays.com\/fr\/wp-json\/wp\/v2\/posts\/446357\/revisions"}],"wp:featuredmedia":[{"embeddable":true,"href":"https:\/\/www.europesays.com\/fr\/wp-json\/wp\/v2\/media\/446358"}],"wp:attachment":[{"href":"https:\/\/www.europesays.com\/fr\/wp-json\/wp\/v2\/media?parent=446357"}],"wp:term":[{"taxonomy":"category","embeddable":true,"href":"https:\/\/www.europesays.com\/fr\/wp-json\/wp\/v2\/categories?post=446357"},{"taxonomy":"post_tag","embeddable":true,"href":"https:\/\/www.europesays.com\/fr\/wp-json\/wp\/v2\/tags?post=446357"}],"curies":[{"name":"wp","href":"https:\/\/api.w.org\/{rel}","templated":true}]}}