{"id":446365,"date":"2025-10-08T01:58:14","date_gmt":"2025-10-08T01:58:14","guid":{"rendered":"https:\/\/www.europesays.com\/fr\/446365\/"},"modified":"2025-10-08T01:58:14","modified_gmt":"2025-10-08T01:58:14","slug":"on-a-teste-la-fiat-topolino-vilebrequin-a-marseille","status":"publish","type":"post","link":"https:\/\/www.europesays.com\/fr\/446365\/","title":{"rendered":"on a test\u00e9 la Fiat Topolino Vilebrequin \u00e0 Marseille"},"content":{"rendered":"<p>La sc\u00e8ne pourrait se passer au mois de mai, voire en juin selon l\u2019ann\u00e9e de r\u00e9f\u00e9rence. Grand soleil, 20 degr\u00e9s sur le thermom\u00e8tre, la M\u00e9diterran\u00e9e qui d\u00e9file dans le pare-brise. Au volant de la Fiat Topolino, sur la <a href=\"https:\/\/www.laprovence.com\/article\/faits-divers-justice\/1064369419607714\/un-jeune-homme-se-tue-sur-la-corniche-kennedy-en-tentant-de-recuperer-le-telephone-de-sa-compagne\" target=\"_blank\" rel=\"noopener\">Corniche Kennedy \u00e0 Marseille<\/a>, on a l\u2019impression que l\u2019\u00e9t\u00e9 d\u00e9borde sur l\u2019automne, ce mardi 7\u00a0octobre 2025, lors de notre essai de ce quadricycle \u00e9lectrique d\u00e9riv\u00e9 de la <a href=\"https:\/\/www.laprovence.com\/article\/societe\/17784762077019\/cetait-une-expedition-epique-en-citroen-ami-electrique-le-pilote-aixois-eric-vigouroux-a-traverse-lafrique\" target=\"_blank\" rel=\"noopener\">Citro\u00ebn Ami<\/a>. Dans ce que cette version a tout de la voiture de plage.<\/p>\n<p>Imagin\u00e9e en collaboration avec la marque de maillots de bain de luxe <a href=\"https:\/\/www.laprovence.com\/article\/societe\/23785544127443\/attaque-a-la-voiture-belier-a-la-boutique-vilebrequin-de-lisle-sur-la-sorgue\" target=\"_blank\" rel=\"noopener\">Vilebrequin<\/a>, cette Topolino est en effet d\u00e9pourvue de porti\u00e8res, qui ont \u00e9t\u00e9 remplac\u00e9es par d\u2019\u00e9l\u00e9gantes cordes, sans doute emprunt\u00e9es \u00e0 l\u2019entr\u00e9e d\u2019un beach club trop\u00e9zien. Elle se distingue aussi de par ses seuils de porte et r\u00e9troviseurs chrom\u00e9s, son plancher imitation teck, son tableau de bord et ses si\u00e8ges aux couleurs de Vilebrequin, ou de par sa douchette int\u00e9gr\u00e9e, pour s\u2019enlever le sable des pieds avant de monter \u00e0 bord. La voiturette, qui peut \u00eatre conduite sans permis d\u00e8s l\u2019\u00e2ge de 14\u00a0ans, est aussi d\u00e9couvrable gr\u00e2ce \u00e0 un toit en tissu.<\/p>\n<p>Sur la Corniche, elle fait tourner les t\u00eates<\/p>\n<p>Avec ce look atypique, la Topolino Vilebrequin a fait tourner les t\u00eates lors de notre &#8230;<\/p>\n","protected":false},"excerpt":{"rendered":"La sc\u00e8ne pourrait se passer au mois de mai, voire en juin selon l\u2019ann\u00e9e de r\u00e9f\u00e9rence. Grand soleil,&hellip;\n","protected":false},"author":2,"featured_media":446366,"comment_status":"","ping_status":"","sticky":false,"template":"","format":"standard","meta":{"footnotes":""},"categories":[2814],"tags":[17,1111,11,1764,154,8722,1777,674,1011,27,884,12,15656,882,25,104,96,133,4752],"class_list":{"0":"post-446365","1":"post","2":"type-post","3":"status-publish","4":"format-standard","5":"has-post-thumbnail","7":"category-marseille","8":"tag-17","9":"tag-actu","10":"tag-actualites","11":"tag-ans","12":"tag-des","13":"tag-electrique","14":"tag-eu","15":"tag-europe","16":"tag-fr","17":"tag-france","18":"tag-marseille","19":"tag-news","20":"tag-plage","21":"tag-provence-alpes-cote-dazur","22":"tag-republique-francaise","23":"tag-societe","24":"tag-une","25":"tag-video","26":"tag-voiture"},"share_on_mastodon":{"url":"https:\/\/pubeurope.com\/@fr\/115336072671546612","error":""},"_links":{"self":[{"href":"https:\/\/www.europesays.com\/fr\/wp-json\/wp\/v2\/posts\/446365","targetHints":{"allow":["GET"]}}],"collection":[{"href":"https:\/\/www.europesays.com\/fr\/wp-json\/wp\/v2\/posts"}],"about":[{"href":"https:\/\/www.europesays.com\/fr\/wp-json\/wp\/v2\/types\/post"}],"author":[{"embeddable":true,"href":"https:\/\/www.europesays.com\/fr\/wp-json\/wp\/v2\/users\/2"}],"replies":[{"embeddable":true,"href":"https:\/\/www.europesays.com\/fr\/wp-json\/wp\/v2\/comments?post=446365"}],"version-history":[{"count":0,"href":"https:\/\/www.europesays.com\/fr\/wp-json\/wp\/v2\/posts\/446365\/revisions"}],"wp:featuredmedia":[{"embeddable":true,"href":"https:\/\/www.europesays.com\/fr\/wp-json\/wp\/v2\/media\/446366"}],"wp:attachment":[{"href":"https:\/\/www.europesays.com\/fr\/wp-json\/wp\/v2\/media?parent=446365"}],"wp:term":[{"taxonomy":"category","embeddable":true,"href":"https:\/\/www.europesays.com\/fr\/wp-json\/wp\/v2\/categories?post=446365"},{"taxonomy":"post_tag","embeddable":true,"href":"https:\/\/www.europesays.com\/fr\/wp-json\/wp\/v2\/tags?post=446365"}],"curies":[{"name":"wp","href":"https:\/\/api.w.org\/{rel}","templated":true}]}}