{"id":446369,"date":"2025-10-08T02:00:13","date_gmt":"2025-10-08T02:00:13","guid":{"rendered":"https:\/\/www.europesays.com\/fr\/446369\/"},"modified":"2025-10-08T02:00:13","modified_gmt":"2025-10-08T02:00:13","slug":"2026-un-beau-bordel-pour-des-maires-sur-la-sellette","status":"publish","type":"post","link":"https:\/\/www.europesays.com\/fr\/446369\/","title":{"rendered":"2026, un beau bordel pour des maires sur la sellette"},"content":{"rendered":"<p>Villeurbanne et Saint-Fons, deux villes, un m\u00eame constat : le grand d\u00e9sordre municipal. Les \u00e9lections de 2026 promettent d\u2019\u00eatre un feu d\u2019artifice, avec des surprises \u00e0 chaque moment de la campagne.<\/p>\n<p>A Lyon, le maire sortant se retrouve en outsider. Un homme d\u2019affaires, Jean-Michel Aulas, une star des gones novice en politique mais pas en coup d&rsquo;\u00e9clat, s\u2019impose d\u00e9sormais comme le grand favori. La perte de Lyon pour les \u00e9cologistes entra\u00eenerait la d\u00e9faite de Bruno Bernard \u00e0 la M\u00e9tropole.<\/p>\n<p>Mais le cas le plus croustillant reste celui de Villeurbanne. Le maire sortant, C\u00e9dric Van Styvendel, devra affronter son pr\u00e9d\u00e9cesseur\u2026 et la principale force de gauche locale. Un v\u00e9ritable supplice chinois pour l\u2019actuel \u00e9dile.<\/p>\n<p>S\u2019il se recentre, il roule pour Jean-Paul Bret. S\u2019il vire \u00e0 gauche, les \u00e9lecteurs pr\u00e9f\u00e9reront toujours les m\u00e9lenchonistes. Bref, il risque fort de finir troisi\u00e8me \u2013 une claque politique monumentale.<\/p>\n<p>Du c\u00f4t\u00e9 de la M\u00e9tropole de Lyon, on voit poindre un sc\u00e9nario \u00e0 la Collomb : les \u00e9lus de gauche finiront dans l\u2019escarcelle de Jean-Michel Aulas, via un accord discret avec Jean-Paul Bret. M\u00eame g\u00e9n\u00e9ration, m\u00eame sens du compromis utile.<\/p>\n<p>\u00c0 Saint-Fons, le tableau est encore plus dramatique. Christian Duch\u00eane, dit Moustache, maire terne et sans charisme aura pass\u00e9 son mandat comme une ombre, simplement r\u00e9veill\u00e9 par ses probl\u00e8mes juridiques et sa gestion politique clivante, voit sa majorit\u00e9 lui tourner le dos. Quatre, peut-\u00eatre cinq listes de gauche s\u2019annoncent face \u00e0 lui. Son plus proche alli\u00e9 reste son 1er adjoint qui n&rsquo;est autre que son gendre, c&rsquo;est peut dire qu&rsquo;il est seul.<\/p>\n<p>La France insoumise fera sans doute la course en t\u00eate au premier tour, mais sans espoir d\u2019union : ils ne veulent conna\u00eetre personne, et surtout, que personne ne les connaisse. R\u00e9sultat : Nathalie Frier, l\u2019ancienne maire, pourrait redevenir la favorite, malgr\u00e9 un socle \u00e9lectoral limit\u00e9, dans la ville la plus pauvre du Rh\u00f4ne.<\/p>\n<p>Aux m\u00e9tropolitaines, Saint-Fons ne p\u00e8sera gu\u00e8re plus qu\u2019un appoint pour V\u00e9nissieux ou Corbas.<\/p>\n<p>Bref, 2026 s\u2019annonce comme une ann\u00e9e noire pour les sortants : Doucet, Picard, Van Styvendel, Duch\u00eane, Geoffroy\u2026 tous sur la sellette.<\/p>\n<p><strong>Farid Ben Moussa<\/strong><\/p>\n<p>Conseiller municipal de V\u00e9nissieux<\/p>\n","protected":false},"excerpt":{"rendered":"Villeurbanne et Saint-Fons, deux villes, un m\u00eame constat : le grand d\u00e9sordre municipal. Les \u00e9lections de 2026 promettent&hellip;\n","protected":false},"author":2,"featured_media":446370,"comment_status":"","ping_status":"","sticky":false,"template":"","format":"standard","meta":{"footnotes":""},"categories":[1889],"tags":[1111,11,2813,2190,2430,1109,251,1112,2811,1777,674,118,1011,27,1922,1110,1114,2428,2810,12,241,316,25,2812,517,800],"class_list":{"0":"post-446369","1":"post","2":"type-post","3":"status-publish","4":"format-standard","5":"has-post-thumbnail","7":"category-lyon","8":"tag-actu","9":"tag-actualites","10":"tag-article","11":"tag-asvel","12":"tag-auvergne-rhone-alpes","13":"tag-breves","14":"tag-culture","15":"tag-depeches","16":"tag-economique","17":"tag-eu","18":"tag-europe","19":"tag-faits-divers","20":"tag-fr","21":"tag-france","22":"tag-info","23":"tag-informations","24":"tag-infos","25":"tag-lyon","26":"tag-lyonmag","27":"tag-news","28":"tag-ol","29":"tag-politique","30":"tag-republique-francaise","31":"tag-sociale","32":"tag-sport","33":"tag-transports"},"share_on_mastodon":{"url":"https:\/\/pubeurope.com\/@fr\/115336080508605293","error":""},"_links":{"self":[{"href":"https:\/\/www.europesays.com\/fr\/wp-json\/wp\/v2\/posts\/446369","targetHints":{"allow":["GET"]}}],"collection":[{"href":"https:\/\/www.europesays.com\/fr\/wp-json\/wp\/v2\/posts"}],"about":[{"href":"https:\/\/www.europesays.com\/fr\/wp-json\/wp\/v2\/types\/post"}],"author":[{"embeddable":true,"href":"https:\/\/www.europesays.com\/fr\/wp-json\/wp\/v2\/users\/2"}],"replies":[{"embeddable":true,"href":"https:\/\/www.europesays.com\/fr\/wp-json\/wp\/v2\/comments?post=446369"}],"version-history":[{"count":0,"href":"https:\/\/www.europesays.com\/fr\/wp-json\/wp\/v2\/posts\/446369\/revisions"}],"wp:featuredmedia":[{"embeddable":true,"href":"https:\/\/www.europesays.com\/fr\/wp-json\/wp\/v2\/media\/446370"}],"wp:attachment":[{"href":"https:\/\/www.europesays.com\/fr\/wp-json\/wp\/v2\/media?parent=446369"}],"wp:term":[{"taxonomy":"category","embeddable":true,"href":"https:\/\/www.europesays.com\/fr\/wp-json\/wp\/v2\/categories?post=446369"},{"taxonomy":"post_tag","embeddable":true,"href":"https:\/\/www.europesays.com\/fr\/wp-json\/wp\/v2\/tags?post=446369"}],"curies":[{"name":"wp","href":"https:\/\/api.w.org\/{rel}","templated":true}]}}