{"id":446387,"date":"2025-10-08T02:11:12","date_gmt":"2025-10-08T02:11:12","guid":{"rendered":"https:\/\/www.europesays.com\/fr\/446387\/"},"modified":"2025-10-08T02:11:12","modified_gmt":"2025-10-08T02:11:12","slug":"tori-amos-a-annonce-un-spectacle-dans-un-lieu-emblematique-de-londres-dans-le-cadre-dune-tournee-au-royaume-uni-et-en-irlande-lannee-prochaine","status":"publish","type":"post","link":"https:\/\/www.europesays.com\/fr\/446387\/","title":{"rendered":"Tori Amos a annonc\u00e9 un spectacle dans un lieu embl\u00e9matique de Londres dans le cadre d&rsquo;une tourn\u00e9e au Royaume-Uni et en Irlande l&rsquo;ann\u00e9e prochaine"},"content":{"rendered":"<p>\t\t\t\t\t\t\t\t\t\t\t\t\t\t\t\t\t\t\t\t\t\t<img loading=\"lazy\" decoding=\"async\" src=\"data:image\/svg+xml,%3Csvg%20xmlns=\" http:=\"\" class=\"img-fluid\" alt=\"Tori Amos en concert \u00e0 New York en 2009\" width=\"1024\" height=\"683\" data-lazy-src=\"https:\/\/www.europesays.com\/fr\/wp-content\/uploads\/2025\/10\/GettyImages-89776465-1024x683.jpg\"\/><br \/>\n\t\t\t\t\t\t\t\t\t\t\t\t\t\t\t\t\t\t\t\t\t\tPhoto par Astrid Stawiarz\/Getty Images<\/p>\n<p>    Save<\/p>\n<p><strong>Tori Amos<\/strong> part sur les routes du Royaume-Uni et d\u2019Irlande pour une tourn\u00e9e au printemps de l\u2019ann\u00e9e prochaine, intitul\u00e9e \u00ab In Times Of Dragons \u00bb, en soutien \u00e0 son nouvel album du m\u00eame nom. Sur les r\u00e9seaux sociaux, <strong>la chanteuse<\/strong> a annonc\u00e9 simultan\u00e9ment la sortie de l\u2019album et la tourn\u00e9e. Elle se produira <strong>au Royal Albert Hall de Londres le 21 avril 2026<\/strong>.<\/p>\n<p>Avant cela, Amos se produira \u00e0 Sheffield, <a href=\"https:\/\/secretbirmingham.com\/\" rel=\"follow noopener\" target=\"_blank\" class=\"shortcode-outbound-link\" data-has-ga=\"true\" data-ga-type=\"click\" data-label=\"https:\/\/secretbirmingham.com\/\" data-action=\"text_cta_0\" data-category=\"click_cross\">Birmingham<\/a>, <a href=\"https:\/\/secretbristol.com\/\" rel=\"follow noopener\" target=\"_blank\" class=\"shortcode-outbound-link\" data-has-ga=\"true\" data-ga-type=\"click\" data-label=\"https:\/\/secretbristol.com\/\" data-action=\"text_cta_1\" data-category=\"click_cross\">Bristol<\/a>, <a href=\"https:\/\/secretmanchester.com\/\" rel=\"follow noopener\" target=\"_blank\" class=\"shortcode-outbound-link\" data-has-ga=\"true\" data-ga-type=\"click\" data-label=\"https:\/\/secretmanchester.com\/\" data-action=\"text_cta_2\" data-category=\"click_cross\">Manchester<\/a>, <a href=\"https:\/\/secretglasgow.com\/\" rel=\"follow noopener\" target=\"_blank\" class=\"shortcode-outbound-link\" data-has-ga=\"true\" data-ga-type=\"click\" data-label=\"https:\/\/secretglasgow.com\/\" data-action=\"text_cta_3\" data-category=\"click_cross\">Glasgow<\/a>, Newcastle, Belfast et Dublin, avant une s\u00e9rie de concerts en Europe continentale qui suivront le concert de Londres (qui est le dernier de la tourn\u00e9e au Royaume-Uni et en Irlande).<\/p>\n<blockquote class=\"instagram-media\" data-instgrm-permalink=\"https:\/\/www.instagram.com\/p\/DPdl66BjmEe\/?utm_source=ig_embed&amp;utm_campaign=loading\" data-instgrm-version=\"14\" style=\" background:#FFF; border:0; border-radius:3px; box-shadow:0 0 1px 0 rgba(0,0,0,0.5),0 1px 10px 0 rgba(0,0,0,0.15); margin: 1px; max-width:540px; min-width:326px; padding:0; width:99.375%; width:-webkit-calc(100% - 2px); width:calc(100% - 2px);\"><\/blockquote>\n<p>Cr\u00e9dit : @toriamos, via IG<\/p>\n<p>In Times Of Dragons est le 18e album studio de <strong>Tori Amos<\/strong>, apr\u00e8s The Music Of Tori And The Muses, paru cette ann\u00e9e, et Ocean To Ocean, sorti en 2021. Ces concerts marqueront son premier passage au Royaume-Uni depuis trois ans, lorsqu\u2019elle avait \u00e9galement jou\u00e9 au Royal Albert Hall lors d\u2019une tourn\u00e9e au Royaume-Uni et en Irlande.<\/p>\n<p> Comment acheter des billets pour voir Tori Amos ? <\/p>\n<p> Les <strong>billets pour Tori Amos seront mis en vente ce vendredi 10 octobre \u00e0 10 heures<\/strong>, et vous pourrez les trouver sur Ticketmaster. Une pr\u00e9vente sera \u00e9galement organis\u00e9e pour les personnes ayant pr\u00e9command\u00e9 In Times Of Dragons, qui recevront leur code de pr\u00e9vente et les d\u00e9tails avant 18 heures aujourd\u2019hui (7 octobre).<\/p>\n<p> Dates de la tourn\u00e9e de Tori Amos au Royaume-Uni et en Irlande <\/p>\n<p> 8 avril \u2013 Sheffield, City Hall<br \/>10 avril \u2013 Birmingham, Symphony Hall<br \/>11 avril \u2013 Bristol, Beacon<br \/>13 avril \u2013 Manchester, O2 Apollo<br \/>15 avril \u2013 Glasgow, Royal Concert Hall<br \/>16 avril \u2013 Newcastle, City Hall<br \/>18 avril \u2013 Belfast, Waterfront Hall<br \/>19 avril \u2013 Dublin, Bord Gais<br \/><strong>21 avril \u2013 Londres, Royal Albert Hall<\/strong><\/p>\n<p>Les billets pour voir Tori Amos seront mis en vente le vendredi 10 octobre \u00e0 10 heures, et vous pouvez les trouver <a href=\"https:\/\/www.ticketmaster.co.uk\/tori-amos-tickets\/artist\/749136\" rel=\"follow noopener\" target=\"_blank\" class=\"shortcode-outbound-link\" data-has-ga=\"true\" data-ga-type=\"click\" data-label=\"https:\/\/www.ticketmaster.co.uk\/tori-amos-tickets\/artist\/749136\" data-action=\"text_cta_4\" data-tracked=\"1\" data-category=\"click_sales\" data-cp_smn_source=\"secretldn\" data-cp_smn_content=\"tori-amos-londres-2026-fr\" data-cp_smn_term=\"text_cta_4\">ici<\/a>. Lisez ci-dessus pour les d\u00e9tails de la pr\u00e9vente. <\/p>\n<p>\t\t\t\t<script async src=\"\/\/www.instagram.com\/embed.js\"><\/script><\/p>\n","protected":false},"excerpt":{"rendered":"Photo par Astrid Stawiarz\/Getty Images Save Tori Amos part sur les routes du Royaume-Uni et d\u2019Irlande pour une&hellip;\n","protected":false},"author":2,"featured_media":446388,"comment_status":"","ping_status":"","sticky":false,"template":"","format":"standard","meta":{"footnotes":""},"categories":[1588],"tags":[11,57147,1777,674,12,473,1853,49625,1851,1850,1852],"class_list":{"0":"post-446387","1":"post","2":"type-post","3":"status-publish","4":"format-standard","5":"has-post-thumbnail","7":"category-royaume-uni","8":"tag-actualites","9":"tag-big-concert","10":"tag-eu","11":"tag-europe","12":"tag-news","13":"tag-royaume-uni","14":"tag-royaume-uni-de-grande-bretagne-et-dirlande-du-nord","15":"tag-spring","16":"tag-uk","17":"tag-united-kingdom","18":"tag-united-kingdom-of-great-britain-and-northern-ireland"},"share_on_mastodon":{"url":"https:\/\/pubeurope.com\/@fr\/115336123767710427","error":""},"_links":{"self":[{"href":"https:\/\/www.europesays.com\/fr\/wp-json\/wp\/v2\/posts\/446387","targetHints":{"allow":["GET"]}}],"collection":[{"href":"https:\/\/www.europesays.com\/fr\/wp-json\/wp\/v2\/posts"}],"about":[{"href":"https:\/\/www.europesays.com\/fr\/wp-json\/wp\/v2\/types\/post"}],"author":[{"embeddable":true,"href":"https:\/\/www.europesays.com\/fr\/wp-json\/wp\/v2\/users\/2"}],"replies":[{"embeddable":true,"href":"https:\/\/www.europesays.com\/fr\/wp-json\/wp\/v2\/comments?post=446387"}],"version-history":[{"count":0,"href":"https:\/\/www.europesays.com\/fr\/wp-json\/wp\/v2\/posts\/446387\/revisions"}],"wp:featuredmedia":[{"embeddable":true,"href":"https:\/\/www.europesays.com\/fr\/wp-json\/wp\/v2\/media\/446388"}],"wp:attachment":[{"href":"https:\/\/www.europesays.com\/fr\/wp-json\/wp\/v2\/media?parent=446387"}],"wp:term":[{"taxonomy":"category","embeddable":true,"href":"https:\/\/www.europesays.com\/fr\/wp-json\/wp\/v2\/categories?post=446387"},{"taxonomy":"post_tag","embeddable":true,"href":"https:\/\/www.europesays.com\/fr\/wp-json\/wp\/v2\/tags?post=446387"}],"curies":[{"name":"wp","href":"https:\/\/api.w.org\/{rel}","templated":true}]}}