{"id":446393,"date":"2025-10-08T02:14:26","date_gmt":"2025-10-08T02:14:26","guid":{"rendered":"https:\/\/www.europesays.com\/fr\/446393\/"},"modified":"2025-10-08T02:14:26","modified_gmt":"2025-10-08T02:14:26","slug":"quelle-maman-est-elle-pour-son-fils-tahoma-quelle-a-eu-avec-le-fils-dhelena-noguerra","status":"publish","type":"post","link":"https:\/\/www.europesays.com\/fr\/446393\/","title":{"rendered":"quelle maman est-elle pour son fils Tahoma, qu\u2019elle a eu avec le fils d\u2019Helena Noguerra ?"},"content":{"rendered":"<p>                                    <img decoding=\"async\" src=\"https:\/\/www.europesays.com\/fr\/wp-content\/uploads\/2025\/10\/24eab2f393e90b8a4fd90a0c344a23e14b563c96105d098518204c5f2d1ca024.jpg\" alt=\"GALA VID\u00c9O - Shy'm\u00a0: ce qu'il faut conna\u00eetre\" class=\"a11y-hidden\" fetchpriority=\"high\"\/><\/p>\n<p class=\"fig-standfirst\">Lors de son passage dans Un dimanche \u00e0 la campagne, ce 5 octobre, Shy\u2019m a fait quelques confidences sur son fils et sur la maternit\u00e9. D\u00e9couvrez quelle maman est la chanteuse pour Tahoma.<\/p>\n<p class=\"fig-paragraph\">L\u2019heure \u00e9tait \u00e0 la confidence. Invit\u00e9e dans l\u2019\u00e9mission de Fr\u00e9d\u00e9ric Lopez, Un dimanche \u00e0 la campagne, le 5 octobre 2025, la chanteuse de 39 ans s\u2019est livr\u00e9e \u00e0 c\u0153ur ouvert sur sa vie priv\u00e9e, familiale et<a href=\"https:\/\/www.gala.fr\/l_actu\/news_de_stars\/shy-m-a-coeur-ouvert-sur-sa-vie-sentimentale-je-suis-une-amoureuse-un-peu-compliquee-20251005\" target=\"_blank\" data-fig-type=\"Article\" rel=\"noopener\" data-gtm-custom-categorie=\"navigation\" data-gtm-custom-action=\"crossclick\" data-gtm-custom-label=\"Contextuel\" data-gtm-event=\"customEventSPE\" data-fig-domain=\"GALA\">\u00a0m\u00eame amoureuse<\/a>. Shy\u2019m en a profit\u00e9 pour d\u00e9voiler de petits d\u00e9tails sur sa vie de maman. Tamara Marthe,\u00a0<a href=\"https:\/\/www.gala.fr\/l_actu\/news_de_stars\/shy-m-mais-au-fait-quel-est-son-vrai-nom-20251005\" target=\"_blank\" data-fig-type=\"Article\" rel=\"noopener\" data-gtm-custom-categorie=\"navigation\" data-gtm-custom-action=\"crossclick\" data-gtm-custom-label=\"Contextuel\" data-gtm-event=\"customEventSPE\" data-fig-domain=\"GALA\">de son vrai nom<\/a>, a accueilli au monde<a href=\"https:\/\/www.gala.fr\/l_actu\/news_de_stars\/shy-m-devoile-un-rare-cliche-de-son-fils-tahoma-qu-elle-a-eu-avec-le-fils-d-helena-noguerra-20250915\" target=\"_blank\" data-fig-type=\"Article\" rel=\"sponsored noopener\" data-gtm-custom-categorie=\"navigation\" data-gtm-custom-action=\"crossclick\" data-gtm-custom-label=\"Contextuel\" data-gtm-event=\"customEventSPE\" data-fig-domain=\"GALA\">\u00a0son premier enfant, Tahoma, avec le fils d\u2019Helena Noguerra, en janvier 2021<\/a>. \u00abJe me suis toujours dit que j\u2019allais avoir un enfant, mais je me suis toujours demand\u00e9 avec qui et c\u2019\u00e9tait le probl\u00e8me\u00bb, a-t-elle avou\u00e9 en \u00e9voquant son d\u00e9sir de maternit\u00e9. Avant d\u2019ajouter\u00a0: \u00abJe rencontre quelqu\u2019un, on a ce petit bout et il me prend de tout son \u00eatre, enti\u00e8rement. Je n\u2019ai plus envie de faire quoi que ce soit.\u00a0\u00bb La maternit\u00e9 a totalement boulevers\u00e9 la vie de la chanteuse et danseuse. Elle d\u00e9couvre une nouvelle fa\u00e7on d\u2019aimer, une nouvelle relation \u00abaddictive\u00bb\u00a0<a href=\"https:\/\/www.gala.fr\/l_actu\/news_de_stars\/shy-m-maman-comblee-decouvrez-le-prenom-adorable-et-original-du-petit-garcon-qu-elle-a-eu-avec-le-fils-d-helena-noguerra-20250924\" target=\"_blank\" data-fig-type=\"Article\" rel=\"noopener\" data-gtm-custom-categorie=\"navigation\" data-gtm-custom-action=\"crossclick\" data-gtm-custom-label=\"Contextuel\" data-gtm-event=\"customEventSPE\" data-fig-domain=\"GALA\">avec son fils<\/a>. \u00abLa plus belle chose que j\u2019ai perdue en ayant un enfant, c\u2019est la l\u00e9g\u00e8ret\u00e9 et la plus belle chose que j\u2019ai rencontr\u00e9e en l\u2019ayant, c\u2019est l\u2019amour\u00bb, a-t-elle confi\u00e9.<\/p>\n<p class=\"fig-paragraph\">Ainsi, il est crucial pour Shy\u2019m de passer des moments privil\u00e9gi\u00e9s avec son petit gar\u00e7on et ce, d\u00e8s le r\u00e9veil. Lors d\u2019une interview avec<a href=\"https:\/\/www.20minutes.fr\/tempo\/style\/4040879-20230612-sors-chez-mascara-sauf-quand-vraiment-bourre-lance-shy\" target=\"_blank\" rel=\"sponsored noopener\" data-gtm-custom-categorie=\"navigation\" data-gtm-custom-action=\"crossclick\" data-gtm-custom-label=\"Contextuel\" data-gtm-event=\"customEventSPE\">\u00a020 Minutes<\/a>, en juin 2023, la chanteuse avait d\u00e9voil\u00e9 les \u00e9tapes\u00a0<a href=\"https:\/\/www.gala.fr\/l_actu\/news_de_stars\/shy-m-ce-rituel-matinal-instaure-avec-son-fils-tahoma-c-est-un-moment-privilegie-20250311\" target=\"_blank\" data-fig-type=\"Article\" rel=\"noopener\" data-gtm-custom-categorie=\"navigation\" data-gtm-custom-action=\"crossclick\" data-gtm-custom-label=\"Contextuel\" data-gtm-event=\"customEventSPE\" data-fig-domain=\"GALA\">de sa routine le matin avec son fils.<\/a>\u00a0\u00c0 son r\u00e9veil, apr\u00e8s avoir allum\u00e9 son t\u00e9l\u00e9phone, l\u2019interpr\u00e8te de Femme de couleur commence \u00e0 pr\u00e9parer le petit-d\u00e9jeuner avec Tahoma. \u00abJe le fais avec mon fils parce que c\u2019est un moment privil\u00e9gi\u00e9\u00bb, avait-elle d\u00e9voil\u00e9. Le duo se rend alors \u00ab\u00e0 v\u00e9lo \u00e0 la boulangerie et on se prend une baguette\u00bb, avait pr\u00e9cis\u00e9 la chanteuse. Avant d\u2019ajouter, avec beaucoup de tendresse\u00a0: \u00abIl adore le beurre, le beurre sal\u00e9.\u00bb Un plaisir gourmand que le petit gar\u00e7on partage avec sa maman. \u00abCe sont les origines normandes, c\u2019est la France, c\u2019est sa maman aussi qui adore le beurre sal\u00e9\u00bb, avait pr\u00e9cis\u00e9 Shy\u2019m. De retour \u00e0 la maison, m\u00e8re et fils se pr\u00e9parent \u00abdes tartines, pains et beurre sal\u00e9.\u00bb<\/p>\n<p>    <a href=\"#slideshow-header\"><\/p>\n<p class=\"fig-slideshow__title\">\n                    PHOTOS &#8211; Shy&rsquo;m\u00a0: de ses d\u00e9buts de chanteuse \u00e0 \u00ab\u00a0Danse avec les Stars\u00a0\u00bb, son \u00e9volution beaut\u00e9\n                <\/p>\n<p>    <\/a><\/p>\n<p>                                    <a class=\"fig-a11y-skip a11y-hidden\" href=\"#fig-a11y-skip-main-inarticle\"><br \/>\n        Passer la publicit\u00e9<br \/>\n    <\/a><\/p>\n<p>Shy\u2019m, fusionnelle avec Tahoma, a eu du mal \u00e0 s\u2019\u00e9loigner de son fils\u00a0: \u00abC\u2019est venu progressivement\u00bb<\/p>\n<p class=\"fig-paragraph\">Il y a deux ans, en septembre 2023, elle avait d\u00e9j\u00e0 \u00e9voqu\u00e9 cette relation et le fait que son fils a totalement \u00abaccapar\u00e9\u00bb tout son \u00eatre, dans une interview avec le magazine Off. Pour elle, la maternit\u00e9 a \u00e9t\u00e9 \u00abun s\u00e9isme, un bonheur absolu.\u00bb Pour \u00abprofiter de tous ces moments\u00bb avec son fils et \u00abrester au c\u0153ur de ce bonheur\u00bb, elle avait m\u00eame d\u00e9cid\u00e9 de mettre sa carri\u00e8re musicale en pause. Celle qui est totalement fusionnelle avec son fils a d\u00fb attendre que son petit bout grandisse un peu \u00abavant que je ne puisse m\u2019en s\u00e9parer, m\u2019en \u00e9loigner un peu\u00bb. \u00abC\u2019est venu progressivement\u00bb, avait-elle ajout\u00e9.<\/p>\n<p class=\"fig-paragraph\">Article \u00e9crit avec la collaboration de 6M\u00e9dias.\u00a0<\/p>\n","protected":false},"excerpt":{"rendered":"Lors de son passage dans Un dimanche \u00e0 la campagne, ce 5 octobre, Shy\u2019m a fait quelques confidences&hellip;\n","protected":false},"author":2,"featured_media":446394,"comment_status":"","ping_status":"","sticky":false,"template":"","format":"standard","meta":{"footnotes":""},"categories":[1586],"tags":[11,2704,9260,1777,674,1779,1742,1011,27,7629,15761,12,25,32262,1778,55474,364],"class_list":{"0":"post-446393","1":"post","2":"type-post","3":"status-publish","4":"format-standard","5":"has-post-thumbnail","7":"category-europe","8":"tag-actualites","9":"tag-chanteuse","10":"tag-confidences","11":"tag-eu","12":"tag-europe","13":"tag-european-union","14":"tag-fils","15":"tag-fr","16":"tag-france","17":"tag-maman","18":"tag-maternite","19":"tag-news","20":"tag-republique-francaise","21":"tag-shym","22":"tag-ue","23":"tag-un-dimanche-a-la-campagne","24":"tag-union-europeenne"},"share_on_mastodon":{"url":"https:\/\/pubeurope.com\/@fr\/115336135622888933","error":""},"_links":{"self":[{"href":"https:\/\/www.europesays.com\/fr\/wp-json\/wp\/v2\/posts\/446393","targetHints":{"allow":["GET"]}}],"collection":[{"href":"https:\/\/www.europesays.com\/fr\/wp-json\/wp\/v2\/posts"}],"about":[{"href":"https:\/\/www.europesays.com\/fr\/wp-json\/wp\/v2\/types\/post"}],"author":[{"embeddable":true,"href":"https:\/\/www.europesays.com\/fr\/wp-json\/wp\/v2\/users\/2"}],"replies":[{"embeddable":true,"href":"https:\/\/www.europesays.com\/fr\/wp-json\/wp\/v2\/comments?post=446393"}],"version-history":[{"count":0,"href":"https:\/\/www.europesays.com\/fr\/wp-json\/wp\/v2\/posts\/446393\/revisions"}],"wp:featuredmedia":[{"embeddable":true,"href":"https:\/\/www.europesays.com\/fr\/wp-json\/wp\/v2\/media\/446394"}],"wp:attachment":[{"href":"https:\/\/www.europesays.com\/fr\/wp-json\/wp\/v2\/media?parent=446393"}],"wp:term":[{"taxonomy":"category","embeddable":true,"href":"https:\/\/www.europesays.com\/fr\/wp-json\/wp\/v2\/categories?post=446393"},{"taxonomy":"post_tag","embeddable":true,"href":"https:\/\/www.europesays.com\/fr\/wp-json\/wp\/v2\/tags?post=446393"}],"curies":[{"name":"wp","href":"https:\/\/api.w.org\/{rel}","templated":true}]}}