{"id":446404,"date":"2025-10-08T02:21:17","date_gmt":"2025-10-08T02:21:17","guid":{"rendered":"https:\/\/www.europesays.com\/fr\/446404\/"},"modified":"2025-10-08T02:21:17","modified_gmt":"2025-10-08T02:21:17","slug":"paul-forfait-ne-se-rendra-pas-en-suede","status":"publish","type":"post","link":"https:\/\/www.europesays.com\/fr\/446404\/","title":{"rendered":"Paul, forfait, ne se rendra pas en Su\u00e8de"},"content":{"rendered":"<p>                <img decoding=\"async\" src=\"https:\/\/www.europesays.com\/fr\/wp-content\/uploads\/2025\/10\/MKhy.jpg\" fetchpriority=\"high\" alt=\"Le tournoi de Stockholm perd son tenant du titre : Paul, forfait, ne se rendra pas en Su\u00e8de\"\/><\/p>\n<p>Le calvaire se poursuit pour Tommy Paul. Le 15e joueur mondial, absent du circuit depuis sa d\u00e9faite au troisi\u00e8me tour de l\u2019US Open contre Alexander Bublik, ne sait pas quand il reprendra la comp\u00e9tition.<\/p>\n<p>Touch\u00e9 par diff\u00e9rentes blessures, dont au pied et aux abdominaux ces derniers mois, l\u2019Am\u00e9ricain a \u00e9t\u00e9 contraint de renoncer \u00e0 la Laver Cup, \u00e0 la Coupe Davis et au Masters 1000 de Shanghai.<\/p>\n<p>Le joueur de 28 ans ne pourra d\u2019ailleurs pas non plus participer \u00e0 un tournoi tr\u00e8s particulier pour lui. En effet, Paul a \u00e9t\u00e9 contraint de renoncer au tournoi ATP 250 de Stockholm pr\u00e9vu la semaine prochaine, du 13 au 19 octobre.<\/p>\n<p>Vainqueur de son premier titre sur le circuit principal en 2021 contre Denis Shapovalov dans la capitale su\u00e9doise, le natif de Voorhees avait \u00e9galement soulev\u00e9 ce troph\u00e9e l\u2019an pass\u00e9 contre Grigor Dimitrov.<\/p>\n<p>Ce forfait profite \u00e0 trois joueurs qui entrent dans le tableau : Jacob Fearnley, Damir Dzumhur et Aleksandar Kovacevic. Pour le moment, les cinq premi\u00e8res t\u00eates de s\u00e9rie annonc\u00e9es au tournoi sont Casper Ruud, Denis Shapovalov, Ugo Humbert, Grigor Dimitrov et Tallon Griekspoor. C\u00f4t\u00e9 Fran\u00e7ais, Alexandre Muller devrait \u00e9galement \u00eatre pr\u00e9sent.<\/p>\n","protected":false},"excerpt":{"rendered":"Le calvaire se poursuit pour Tommy Paul. Le 15e joueur mondial, absent du circuit depuis sa d\u00e9faite au&hellip;\n","protected":false},"author":2,"featured_media":446405,"comment_status":"","ping_status":"","sticky":false,"template":"","format":"standard","meta":{"footnotes":""},"categories":[1415],"tags":[1011,27,60,1467],"class_list":{"0":"post-446404","1":"post","2":"type-post","3":"status-publish","4":"format-standard","5":"has-post-thumbnail","7":"category-tennis","8":"tag-fr","9":"tag-france","10":"tag-sports","11":"tag-tennis"},"share_on_mastodon":{"url":"https:\/\/pubeurope.com\/@fr\/115336163486866610","error":""},"_links":{"self":[{"href":"https:\/\/www.europesays.com\/fr\/wp-json\/wp\/v2\/posts\/446404","targetHints":{"allow":["GET"]}}],"collection":[{"href":"https:\/\/www.europesays.com\/fr\/wp-json\/wp\/v2\/posts"}],"about":[{"href":"https:\/\/www.europesays.com\/fr\/wp-json\/wp\/v2\/types\/post"}],"author":[{"embeddable":true,"href":"https:\/\/www.europesays.com\/fr\/wp-json\/wp\/v2\/users\/2"}],"replies":[{"embeddable":true,"href":"https:\/\/www.europesays.com\/fr\/wp-json\/wp\/v2\/comments?post=446404"}],"version-history":[{"count":0,"href":"https:\/\/www.europesays.com\/fr\/wp-json\/wp\/v2\/posts\/446404\/revisions"}],"wp:featuredmedia":[{"embeddable":true,"href":"https:\/\/www.europesays.com\/fr\/wp-json\/wp\/v2\/media\/446405"}],"wp:attachment":[{"href":"https:\/\/www.europesays.com\/fr\/wp-json\/wp\/v2\/media?parent=446404"}],"wp:term":[{"taxonomy":"category","embeddable":true,"href":"https:\/\/www.europesays.com\/fr\/wp-json\/wp\/v2\/categories?post=446404"},{"taxonomy":"post_tag","embeddable":true,"href":"https:\/\/www.europesays.com\/fr\/wp-json\/wp\/v2\/tags?post=446404"}],"curies":[{"name":"wp","href":"https:\/\/api.w.org\/{rel}","templated":true}]}}