{"id":446406,"date":"2025-10-08T02:23:20","date_gmt":"2025-10-08T02:23:20","guid":{"rendered":"https:\/\/www.europesays.com\/fr\/446406\/"},"modified":"2025-10-08T02:23:20","modified_gmt":"2025-10-08T02:23:20","slug":"le-jour-de-gloire-pour-johann-zarco-en-5-chiffres-au-gp-de-france","status":"publish","type":"post","link":"https:\/\/www.europesays.com\/fr\/446406\/","title":{"rendered":"Le jour de gloire pour Johann Zarco en 5 chiffres au GP de France"},"content":{"rendered":"<p>Le pilote fran\u00e7ais Honda a remport\u00e9 ce dimanche au Mans une victoire retentissante au GP de France, la seconde de sa carri\u00e8re. Apr\u00e8s \u00eatre parti 11\u00e8me sur la grille, le Cannois, bien inspir\u00e9 d\u2019\u00eatre parti en pneus \u00ab\u00a0pluie\u00a0\u00bb, a sign\u00e9 une course m\u00e9morable et compl\u00e8tement dingue, devant les 120 000 spectateurs en fusion mass\u00e9s en tribune.<\/p>\n<p>Revenu du diable Vauvert \u00e0 la faveur de ses pneus pluie (seuls 8 pilotes au d\u00e9part s\u2019align\u00e8rent sur cette strat\u00e9gie), Johann Zarco a d\u00e9jou\u00e9 tous les pronostics. Et si, c\u00f4t\u00e9 fran\u00e7ais, on attendait Fabio Quartararo, parti en pole position (mais finalement victime d\u2019une chute), <strong>c\u2019est bien le natif de Cannes qui s\u2019est impos\u00e9 hier sur le Bugatti du Mans dans une ambiance indescriptible<\/strong>. Une victoire \u00e9poustouflante, marqu\u00e9e par des conditions m\u00e9t\u00e9o changeantes et de nombreuses chutes. Le jour de gloire pour Johann Zarco, v\u00e9cu devant ses parents et un nombre record de spectateurs !<\/p>\n<p>11<\/p>\n<ul>\n<li>La position de Johann Zarco sur la grille ce dimanche sur le Bugatti du Mans. On ne donnait alors pas cher de la peau du pilote Honda qui s&rsquo;alignait sur un 150\u00e8me GP, encore moins \u00e0 la suite d\u2019un accrochage en d\u00e9but de course qui le fit r\u00e9trograder\u2026 \u00e0 la 17\u00e8me place. Mais <strong>c&rsquo;est comme si ce dimanche, toutes les plan\u00e8tes s&rsquo;\u00e9taient align\u00e9es pour que Johann Zarco connaisse la cons\u00e9cration \u00e0 domicile <\/strong>apr\u00e8s avoir remport\u00e9 jusqu&rsquo;alors un seul GP, en Australie en octobre 2023. On conna\u00eet la suite.<\/li>\n<\/ul>\n<p>35<\/p>\n<ul>\n<li>Johann Zarco est n\u00e9 \u00e0 Cannes le 16 juillet 1990. Il aura donc bient\u00f4t 36 ans. Un \u00e2ge qu\u2019on pourrait juger canonique en MotoGP si l\u2019on consid\u00e8re que Zarco est le doyen de la comp\u00e9tition reine. Sauf que son exp\u00e9rience en piste est un atout exceptionnel. Ce qu\u2019il a encore d\u00e9montr\u00e9 ce dimanche au Mans en partant en pneus pluie, ce qui lui a ensuite permis de <strong>prendre la t\u00eate au 10\u00e8me tout pour ne plus la l\u00e2cher jusqu\u2019au drapeau \u00e0 damier<\/strong> &#8211; devant Marc Marquez et un autre Espagnol, l\u2019\u00e9tonnant Ferm\u00edn Aldeguer Mengual -, apr\u00e8s avoir tenu le manche devant durant 16 tours et termin\u00e9 avec presque 20 secondes d&rsquo;avance sur son dauphin !<\/li>\n<p><img decoding=\"async\" loading=\"lazy\" alt=\"Seconde victoire dans la carri\u00e8re de l'in\u00e9puisable Johann Zarco !\" src=\"https:\/\/www.europesays.com\/fr\/wp-content\/uploads\/2025\/10\/seconde-victoire-dans-la-carriere-de-linepuisable-johann-zarco.jpg\" width=\"800\" height=\"449\"\/>Seconde victoire dans la carri\u00e8re de l&rsquo;in\u00e9puisable Johann Zarco !\u00a9 Honda Racing Global<\/ul>\n<p>71<\/p>\n<p>C\u2019est le nombre d\u2019ann\u00e9es qu\u2019il aura fallu attendre avant que la Marseillaise ne retentisse \u00e0 nouveau \u00e0 l\u2019issue d\u2019un <a title=\"GP de France de MotoGP\" href=\"https:\/\/www.automobile-magazine.fr\/motogp\/article\/47959-grand-prix-de-france-motogp-2025-sur-quelle-chaine-et-a-quelle-heure-voir-le-gp-en-direct-gratuitement\" rel=\"nofollow noopener\" target=\"_blank\">GP de France de MotoGP<\/a>. C\u2019est en effet <strong>en 1954 lors de la premi\u00e8re manche du championnat du monde que sur sa Gilera le Fran\u00e7ais Pierre Monneret s\u2019imposa <\/strong>sur le Circuit de Reims-Gueux, devant l\u2019Italien Alfredo Milani tandis qu\u2019un autre Fran\u00e7ais, Jacques Collot, compl\u00e9tait le podium. A noter que Johann Zarco avait d\u00e9j\u00e0 connu les honneurs du podium dans la Sarthe apr\u00e8s avoir obtenu la deuxi\u00e8me place en 2017 quand il courait avec Tech3. 71 ans, une \u00e9ternit\u00e9 !<\/p>\n<p>\u00a0<\/p>\n<p>312 000<\/p>\n<p>311 797 exactement, C\u2019est le nombre de spectateurs venus assister \u00e0 un pan d\u2019histoire sportive durant trois jours dans la Sarthe pour le GP de France. Un record de fr\u00e9quentation &#8211; au total des trois jours de comp\u00e9tition &#8211; pour un GP de France, et 120 000 visiteurs en liesse durant tout ce MotoGP compl\u00e8tement fou de dimanche. Une foule qui bascula m\u00eame dans une pure folie une fois la victoire de Johann Zarco acquise, lequel les gratifia de sa sp\u00e9ciale : un salto arri\u00e8re ! <strong>Que dire aussi du box du pilote fran\u00e7ais, sur une autre plan\u00e8te<\/strong> quand ce dernier franchit la ligne d\u2019arriv\u00e9e en vainqueur puis une fois sur la bo\u00eete o\u00f9 Zarco avait la plus grande peine \u00e0 retenir ses larmes de joie : des frissons !<\/p>\n<p>1<\/p>\n<p>le saviez-vous : ce dimanche dans la Sarthe au GP de France, <strong>c\u2019est la premi\u00e8re fois que la m\u00e8re de Johann Zarco venait voir son fils en MotoGP !<\/strong> Une premi\u00e8re dont elle se souviendra toute sa vie. Hyper \u00e9mus apr\u00e8s la victoire de leur champion, le papa et la maman de Johann Zarco semblaient presque perdus devant ce trop plein d\u2019\u00e9motions. Et quelle fiert\u00e9 pour Johann, \u00e9mu aux larmes lui aussi, et qui \u00e9treint longuement sa m\u00e8re apr\u00e8s avoir franchi la ligne d\u2019arriv\u00e9e et lui fit aussi go\u00fbter aux joies du public qui chantait la Marseille a capella. Un Johann Zarco encore sur son nuage quand il d\u00e9clara devant la presse \u00e0 l&rsquo;issue du GP : \u00ab\u00a0Il y a eu ce choix des pneus pluie au d\u00e9part pour moi, d&rsquo;autres sont rentr\u00e9s au stand pour mettre des slicks&#8230; Pourtant c&rsquo;\u00e9tait annonc\u00e9 qu&rsquo;il allait pleuvoir davantage (&#8230;) Pouvoir saluer le public dans le dernier tour comme je l&rsquo;ai fait, j&rsquo;ai l&rsquo;impression que \u00e7a n&rsquo;arrive qu&rsquo;une seule fois dans une vie et c&rsquo;\u00e9tait aujourd&rsquo;hui.\u00a0\u00bb<\/p>\n<p> <img decoding=\"async\" src=\"https:\/\/www.europesays.com\/fr\/wp-content\/uploads\/2025\/04\/laurent-lepsch.webp.webp\" alt=\"Laurent Lepsch\" width=\"120\" height=\"120\" class=\"visu-auteur\" loading=\"lazy\"\/><\/p>\n<p class=\"short-txt\"> Journaliste automobile digital depuis de nombreuses ann\u00e9es, j\u2019ai aussi un go\u00fbt prononc\u00e9 pour les sports m\u00e9caniques.<\/p>\n<p> Notez cet article<\/p>\n<p> 4.6\/5 ( 11 votes)<\/p>\n<p>  Mis \u00e0 jour le  12\/05\/2025 \u00e0 07:31  <\/p>\n","protected":false},"excerpt":{"rendered":"Le pilote fran\u00e7ais Honda a remport\u00e9 ce dimanche au Mans une victoire retentissante au GP de France, la&hellip;\n","protected":false},"author":2,"featured_media":446407,"comment_status":"","ping_status":"","sticky":false,"template":"","format":"standard","meta":{"footnotes":""},"categories":[1413],"tags":[1011,27,1457,1456,1458,60],"class_list":{"0":"post-446406","1":"post","2":"type-post","3":"status-publish","4":"format-standard","5":"has-post-thumbnail","7":"category-moto","8":"tag-fr","9":"tag-france","10":"tag-moto","11":"tag-motocycle","12":"tag-motogp","13":"tag-sports"},"share_on_mastodon":{"url":"https:\/\/pubeurope.com\/@fr\/115336171466580779","error":""},"_links":{"self":[{"href":"https:\/\/www.europesays.com\/fr\/wp-json\/wp\/v2\/posts\/446406","targetHints":{"allow":["GET"]}}],"collection":[{"href":"https:\/\/www.europesays.com\/fr\/wp-json\/wp\/v2\/posts"}],"about":[{"href":"https:\/\/www.europesays.com\/fr\/wp-json\/wp\/v2\/types\/post"}],"author":[{"embeddable":true,"href":"https:\/\/www.europesays.com\/fr\/wp-json\/wp\/v2\/users\/2"}],"replies":[{"embeddable":true,"href":"https:\/\/www.europesays.com\/fr\/wp-json\/wp\/v2\/comments?post=446406"}],"version-history":[{"count":0,"href":"https:\/\/www.europesays.com\/fr\/wp-json\/wp\/v2\/posts\/446406\/revisions"}],"wp:featuredmedia":[{"embeddable":true,"href":"https:\/\/www.europesays.com\/fr\/wp-json\/wp\/v2\/media\/446407"}],"wp:attachment":[{"href":"https:\/\/www.europesays.com\/fr\/wp-json\/wp\/v2\/media?parent=446406"}],"wp:term":[{"taxonomy":"category","embeddable":true,"href":"https:\/\/www.europesays.com\/fr\/wp-json\/wp\/v2\/categories?post=446406"},{"taxonomy":"post_tag","embeddable":true,"href":"https:\/\/www.europesays.com\/fr\/wp-json\/wp\/v2\/tags?post=446406"}],"curies":[{"name":"wp","href":"https:\/\/api.w.org\/{rel}","templated":true}]}}