{"id":446412,"date":"2025-10-08T02:26:10","date_gmt":"2025-10-08T02:26:10","guid":{"rendered":"https:\/\/www.europesays.com\/fr\/446412\/"},"modified":"2025-10-08T02:26:10","modified_gmt":"2025-10-08T02:26:10","slug":"rafinha-balance-sur-le-psg-version-messi-neymar-mbappe","status":"publish","type":"post","link":"https:\/\/www.europesays.com\/fr\/446412\/","title":{"rendered":"Rafinha balance sur le PSG version Messi-Neymar-Mbapp\u00e9"},"content":{"rendered":"<p>Ancien joueur du <a href=\"https:\/\/www.footmercato.net\/club\/psg\/\" rel=\"nofollow noopener\" target=\"_blank\">Paris Saint-Germain<\/a> (2020-2022), <a href=\"https:\/\/www.footmercato.net\/joueur\/rafael-alcantara-do-nascimento\/\" rel=\"nofollow noopener\" target=\"_blank\">Rafinha<\/a> (32 ans) a \u00e9voqu\u00e9 dans le \u201c<a href=\"https:\/\/www.lance.com.br\/futebol-internacional\/brasileiro-ex-psg-revela-por-que-o-trio-messi-neymar-e-mbappe-nao-deu-certo-impossivel.html\" rel=\"nofollow noopener\" target=\"_blank\">Charla Podcast<\/a>\u201d son passage au sein du club de la capitale. Une aventure qu\u2019il n\u2019oubliera pas puisque le Br\u00e9silien a partag\u00e9 le vestiaire avec une galaxie de stars : Lionel Messi, Neymar ou encore Kylian Mbapp\u00e9. Et selon l\u2019ancien pensionnaire du FC Barcelone, il \u00e9tait \u00e9vident que l\u2019\u00e9quipe parisienne n\u2019allait remporter aucun succ\u00e8s majeur.  <\/p>\n<p>            La suite apr\u00e8s cette publicit\u00e9<\/p>\n<p>\u00abPendant la pr\u00e9-saison, lors du premier entra\u00eenement o\u00f9 tout le monde \u00e9tait pr\u00e9sent, j\u2019ai dit : \u00ab C\u2019est impossible que \u00e7a marche \u00bb. Commen\u00e7ons par le gardien : Keylor Navas ou Donnarumma. Celui qui ne jouera pas sera furieux. Il y aura des disputes, des discussions avec l\u2019entra\u00eeneur. En d\u00e9fense : Marquinhos, titulaire, personne ne le remplacera, Kimpembe, idole du PSG, et Sergio Ramos. Les trois meilleurs lat\u00e9raux pour chacun. En attaque, Di Mar\u00eda, Mbapp\u00e9, Neymar et Messi. Qui tu enl\u00e8ves ? Di Mar\u00eda, pour son poids au sein de l\u2019\u00e9quipe, et m\u00eame l\u00e0, ce n\u2019est pas un joueur qu\u2019on peut enlever. \u00c7a ne peut pas marcher. Pour un entra\u00eeneur, c\u2019est impossible. C\u2019\u00e9tait la meilleure \u00e9quipe du monde en termes de joueurs, de noms, mais en m\u00eame temps, difficile \u00e0 g\u00e9rer. (\u2026) Je ne jouais pas, alors je regardais\u00bb. <\/p>\n<p>\n    Pub. le 07\/10\/2025 23:52<br \/>\n            &#8211; MAJ le 08\/10\/2025 03:47\n    <\/p>\n","protected":false},"excerpt":{"rendered":"Ancien joueur du Paris Saint-Germain (2020-2022), Rafinha (32 ans) a \u00e9voqu\u00e9 dans le \u201cCharla Podcast\u201d son passage au&hellip;\n","protected":false},"author":2,"featured_media":446413,"comment_status":"","ping_status":"","sticky":false,"template":"","format":"standard","meta":{"footnotes":""},"categories":[1410],"tags":[63,1011,27,60],"class_list":{"0":"post-446412","1":"post","2":"type-post","3":"status-publish","4":"format-standard","5":"has-post-thumbnail","7":"category-football","8":"tag-football","9":"tag-fr","10":"tag-france","11":"tag-sports"},"share_on_mastodon":{"url":"https:\/\/pubeurope.com\/@fr\/115336182833370775","error":""},"_links":{"self":[{"href":"https:\/\/www.europesays.com\/fr\/wp-json\/wp\/v2\/posts\/446412","targetHints":{"allow":["GET"]}}],"collection":[{"href":"https:\/\/www.europesays.com\/fr\/wp-json\/wp\/v2\/posts"}],"about":[{"href":"https:\/\/www.europesays.com\/fr\/wp-json\/wp\/v2\/types\/post"}],"author":[{"embeddable":true,"href":"https:\/\/www.europesays.com\/fr\/wp-json\/wp\/v2\/users\/2"}],"replies":[{"embeddable":true,"href":"https:\/\/www.europesays.com\/fr\/wp-json\/wp\/v2\/comments?post=446412"}],"version-history":[{"count":0,"href":"https:\/\/www.europesays.com\/fr\/wp-json\/wp\/v2\/posts\/446412\/revisions"}],"wp:featuredmedia":[{"embeddable":true,"href":"https:\/\/www.europesays.com\/fr\/wp-json\/wp\/v2\/media\/446413"}],"wp:attachment":[{"href":"https:\/\/www.europesays.com\/fr\/wp-json\/wp\/v2\/media?parent=446412"}],"wp:term":[{"taxonomy":"category","embeddable":true,"href":"https:\/\/www.europesays.com\/fr\/wp-json\/wp\/v2\/categories?post=446412"},{"taxonomy":"post_tag","embeddable":true,"href":"https:\/\/www.europesays.com\/fr\/wp-json\/wp\/v2\/tags?post=446412"}],"curies":[{"name":"wp","href":"https:\/\/api.w.org\/{rel}","templated":true}]}}