{"id":446414,"date":"2025-10-08T02:27:11","date_gmt":"2025-10-08T02:27:11","guid":{"rendered":"https:\/\/www.europesays.com\/fr\/446414\/"},"modified":"2025-10-08T02:27:11","modified_gmt":"2025-10-08T02:27:11","slug":"loana-apres-son-inquietant-message-elle-saffiche-avec-son-compagnon","status":"publish","type":"post","link":"https:\/\/www.europesays.com\/fr\/446414\/","title":{"rendered":"Loana : apr\u00e8s son inqui\u00e9tant message elle s&rsquo;affiche avec son compagnon"},"content":{"rendered":"<p>Une publication qui fait du bien. Si, depuis quelques semaines, <a href=\"https:\/\/www.public.fr\/tag\/loana\" rel=\"nofollow noopener\" target=\"_blank\">Loana<\/a> a vivement inqui\u00e9t\u00e9 ses abonn\u00e9s, l\u2019ancienne <a href=\"https:\/\/vsd.fr\/88053-exclusif-vsd-christophe-le-gagnant-de-la-premiere-saison-de-loft-story-de-retour-a-la-tele-realite\/\" rel=\"nofollow noopener\" target=\"_blank\">gagnante de <strong>Loft Story<\/strong> <\/a>vient de rassurer la majorit\u00e9. En effet, la star de 48 ans vient de publier un nouveau post sur Instagram, dans lequel elle s\u2019affiche avec <a href=\"https:\/\/www.public.fr\/loana-vient-elle-de-safficher-main-dans-la-main-avec-son-nouveau-compagnon-une-grande-premiere\" rel=\"nofollow noopener\" target=\"_blank\">son compagnon Titi.<\/a><\/p>\n<p>Aupr\u00e8s de sa boule de poils, l\u2019ancienne gagnante du programme de M6 a d\u00e9cid\u00e9 de s\u2019afficher au naturel, soit sans maquillage et sans se coiffer. Un choix qu\u2019appr\u00e9cierait son chien selon les dires de la principale int\u00e9ress\u00e9e.\u00a0<\/p>\n<p>Loana au naturel avec son \u00ab\u00a0compagnon\u00a0\u00bb<\/p>\n<p>Sur le clich\u00e9 publi\u00e9, Loana appara\u00eet dans un lit en train de regarder l\u2019objectif. <strong>Son petit chien Titi <\/strong>se tient \u00e0 ses c\u00f4t\u00e9s, en train de lui laisser la joue pour lui faire un bisou. \u00ab\u00a0Bisous d\u2019amour.\u00a0<strong>Pas encore coiff\u00e9e ni maquill\u00e9e mais il m\u2019aime comme \u00e7a.<\/strong>\u00a0Love My Titi !!!!\u00a0\u00bb, a \u00e9crit en l\u00e9gende l\u2019ancienne candidate de t\u00e9l\u00e9r\u00e9alit\u00e9.<\/p>\n<p>Une publication qui a ravi une grande partie des abonn\u00e9s de la femme \u00e2g\u00e9e de 48 ans. En effet, nombre d\u2019entre eux n\u2019ont pas manqu\u00e9 de laisser des messages bienveillants sous la publication de l\u2019ancienne star de t\u00e9l\u00e9-r\u00e9alit\u00e9.\u00a0<\/p>\n<p>\u00ab\u00a0Tu es\u00a0superbe\u00a0comme \u00e7a\u00a0\u00bb, \u00ab\u00a0Nous aussi on t&rsquo;aime\u00a0nature\u00a0\u00bb, \u00ab\u00a0<strong>tu es ravissante de l\u2019int\u00e9rieur comme de l\u2019ext\u00e9rieur.<\/strong> Belle journ\u00e9e \u00e0 vous deux\u00a0\u00bb, \u00ab\u00a0Ch\u00e8re LOANA, comme tu as raison, il n&rsquo;y a pas plus sinc\u00e8re, plus r\u00e9confortant, fid\u00e8les, sans jugement, \u00e0 tout instant que nos boules de poils, en l&rsquo;occurrence ton gentil Titi\u2026\u00a0\u00bb, ont \u00e9crit nombre de ses abonn\u00e9s. De quoi faire plaisir \u00e0 Loana qui, depuis quelques semaines, ne cessait d\u2019inqui\u00e9ter sa communaut\u00e9.\u00a0<\/p>\n<p>L&rsquo;inqui\u00e9tant message annon\u00e7ant la \u00ab\u00a0fin\u00a0\u00bb<\/p>\n<p>En effet, dans la nuit de mercredi \u00e0 jeudi 2 octobre 2025, l\u2019ancienne bimbo publiait une photo d\u2019elle, lunettes de soleil sur le nez, prenant la pose aux c\u00f4t\u00e9s d\u2019une autre femme, avec un message tr\u00e8s inqui\u00e9tant : \u00ab\u00a0<strong>C\u2019est fini !<\/strong>\u00a0Une pens\u00e9e pour vous. La t\u00eate dans les nuages\u00a0\u00bb.<\/p>\n<p>Suite \u00e0 cette publication, les internautes n\u2019ont pas tard\u00e9 \u00e0 r\u00e9agir. \u00ab\u00a0J&rsquo;esp\u00e8re que quelqu&rsquo;un de son entourage pourra voir cette photo,\u00a0c&rsquo;est un appel \u00e0 l\u2019aide\u00a0\u00bb, \u00ab\u00a0Que son entourage voit ce post et fasse quelque chose de suite ! C&rsquo;est de la non-assistance \u00e0 personne en danger ! Qu&rsquo;on l&rsquo;aime ou pas,\u00a0c&rsquo;est un \u00eatre humain\u00a0punaise soit ne dites rien ou l&rsquo;aider comme vous le pouvez\u2026 \u00c7a pourrait \u00eatre votre s\u0153ur, une amie&#8230;.. Ne dites jamais, jamais, car vous ne savez pas ce que l&rsquo;avenir nous r\u00e9serve \u00e0 tous\u00a0\u00bb, ont r\u00e9agi nombre d\u2019internautes.\u00a0<\/p>\n<p>Aujourd\u2019hui, il semblerait que<strong> Loana se porte bien<\/strong>. Son clich\u00e9 avec son Titi a visiblement permis \u00e0 ses fans de passer \u00e0 autre chose et de faire envoler les inqui\u00e9tudes.\u00a0<\/p>\n<p>      Mentionn\u00e9s dans cet article<\/p>\n<p>      Sur le m\u00eame sujet<\/p>\n","protected":false},"excerpt":{"rendered":"Une publication qui fait du bien. Si, depuis quelques semaines, Loana a vivement inqui\u00e9t\u00e9 ses abonn\u00e9s, l\u2019ancienne gagnante&hellip;\n","protected":false},"author":2,"featured_media":446415,"comment_status":"","ping_status":"","sticky":false,"template":"","format":"standard","meta":{"footnotes":""},"categories":[1359],"tags":[58,59,1011,27,13033,588,973],"class_list":{"0":"post-446414","1":"post","2":"type-post","3":"status-publish","4":"format-standard","5":"has-post-thumbnail","7":"category-people","8":"tag-divertissement","9":"tag-entertainment","10":"tag-fr","11":"tag-france","12":"tag-loana","13":"tag-loft-story","14":"tag-people"},"share_on_mastodon":{"url":"https:\/\/pubeurope.com\/@fr\/115336186741821475","error":""},"_links":{"self":[{"href":"https:\/\/www.europesays.com\/fr\/wp-json\/wp\/v2\/posts\/446414","targetHints":{"allow":["GET"]}}],"collection":[{"href":"https:\/\/www.europesays.com\/fr\/wp-json\/wp\/v2\/posts"}],"about":[{"href":"https:\/\/www.europesays.com\/fr\/wp-json\/wp\/v2\/types\/post"}],"author":[{"embeddable":true,"href":"https:\/\/www.europesays.com\/fr\/wp-json\/wp\/v2\/users\/2"}],"replies":[{"embeddable":true,"href":"https:\/\/www.europesays.com\/fr\/wp-json\/wp\/v2\/comments?post=446414"}],"version-history":[{"count":0,"href":"https:\/\/www.europesays.com\/fr\/wp-json\/wp\/v2\/posts\/446414\/revisions"}],"wp:featuredmedia":[{"embeddable":true,"href":"https:\/\/www.europesays.com\/fr\/wp-json\/wp\/v2\/media\/446415"}],"wp:attachment":[{"href":"https:\/\/www.europesays.com\/fr\/wp-json\/wp\/v2\/media?parent=446414"}],"wp:term":[{"taxonomy":"category","embeddable":true,"href":"https:\/\/www.europesays.com\/fr\/wp-json\/wp\/v2\/categories?post=446414"},{"taxonomy":"post_tag","embeddable":true,"href":"https:\/\/www.europesays.com\/fr\/wp-json\/wp\/v2\/tags?post=446414"}],"curies":[{"name":"wp","href":"https:\/\/api.w.org\/{rel}","templated":true}]}}