{"id":446418,"date":"2025-10-08T02:29:39","date_gmt":"2025-10-08T02:29:39","guid":{"rendered":"https:\/\/www.europesays.com\/fr\/446418\/"},"modified":"2025-10-08T02:29:39","modified_gmt":"2025-10-08T02:29:39","slug":"une-soiree-soupe-aux-livres-avec-lauteur-marseillais-gilles-del-pappas-a-saint-zacharie","status":"publish","type":"post","link":"https:\/\/www.europesays.com\/fr\/446418\/","title":{"rendered":"Une soir\u00e9e Soupe aux livres avec l\u2019auteur marseillais Gilles Del Pappas \u00e0\u00a0Saint-Zacharie"},"content":{"rendered":"<p>La Soupe aux livres, soir\u00e9e consistant \u00e0 recevoir un auteur r\u00e9gional autour d\u2019une soupe servie dans le bol apport\u00e9 par chaque participant, est de retour \u00e0 Saint-Zacharie, comme chaque ann\u00e9e, \u00e0 la p\u00e9riode automnale.<\/p>\n<p>C\u2019est un auteur marseillais, Gilles Del Pappas, qui assurera l\u2019ouverture de ce rendez-vous litt\u00e9raire incontournable organis\u00e9 dans le cadre champ\u00eatre du mas de la Calade, maison d\u2019h\u00f4tes tenue par Nicole Roussel et Philippe Aitier, fondateurs avec Dani Allio, de l\u2019association Canticalade, organisatrice de l\u2019\u00e9v\u00e9nement. Gilles Del Pappas est consid\u00e9r\u00e9 comme l\u2019un des auteurs repr\u00e9sentatifs du polar m\u00e9diterran\u00e9en, mais aussi de romans humoristiques, de r\u00e9cits autobiographiques et de romans de litt\u00e9rature d\u2019enfance et de jeunesse, dont la s\u00e9rie ayant pour h\u00e9ro\u00efne la jeune d\u00e9tective amateur Gwendoline Strawberry. On lui doit \u00e9galement la s\u00e9rie des enqu\u00eates, dans le monde du football, de la commissaire Cl\u00e9mentine Paccini, \u00e9crite en duo avec Emmanuel Petit, footballeur champion du monde en\u00a01998. En\u00a02002, Gilles Del Pappas a re\u00e7u le Grand Prix Litt\u00e9raire de Provence pour l\u2019ensemble de son \u0153uvre.<\/p>\n<p>Comme d\u2019habitude, autour d\u2019un bol de soupe, vous pourrez interroger l\u2019\u00e9crivain sur sa vie, ses \u0153uvres, son parcours.<\/p>\n<p>Vendredi 10\u00a0octobre \u00e0 partir de 19h, au mas de la Calade, \u00e0 Saint-Zacharie. R\u00e9servation obligatoire au 06\u00a022\u00a001\u00a039\u00a014 ou 06\u00a080\u00a055\u00a019\u00a010. Tarif\u00a0: 6\u00a0\u20ac, n\u2019oubliez pas votre bol\u00a0!<\/p>\n","protected":false},"excerpt":{"rendered":"La Soupe aux livres, soir\u00e9e consistant \u00e0 recevoir un auteur r\u00e9gional autour d\u2019une soupe servie dans le bol&hellip;\n","protected":false},"author":2,"featured_media":446419,"comment_status":"","ping_status":"","sticky":false,"template":"","format":"standard","meta":{"footnotes":""},"categories":[1357],"tags":[17,1007,3396,1379,251,58,59,1011,27,57244,1380,953,57243,96],"class_list":{"0":"post-446418","1":"post","2":"type-post","3":"status-publish","4":"format-standard","5":"has-post-thumbnail","7":"category-livres","8":"tag-17","9":"tag-aux","10":"tag-avec","11":"tag-books","12":"tag-culture","13":"tag-divertissement","14":"tag-entertainment","15":"tag-fr","16":"tag-france","17":"tag-lauteur","18":"tag-livres","19":"tag-soiree","20":"tag-soupe","21":"tag-une"},"share_on_mastodon":{"url":"https:\/\/pubeurope.com\/@fr\/115336194573571272","error":""},"_links":{"self":[{"href":"https:\/\/www.europesays.com\/fr\/wp-json\/wp\/v2\/posts\/446418","targetHints":{"allow":["GET"]}}],"collection":[{"href":"https:\/\/www.europesays.com\/fr\/wp-json\/wp\/v2\/posts"}],"about":[{"href":"https:\/\/www.europesays.com\/fr\/wp-json\/wp\/v2\/types\/post"}],"author":[{"embeddable":true,"href":"https:\/\/www.europesays.com\/fr\/wp-json\/wp\/v2\/users\/2"}],"replies":[{"embeddable":true,"href":"https:\/\/www.europesays.com\/fr\/wp-json\/wp\/v2\/comments?post=446418"}],"version-history":[{"count":0,"href":"https:\/\/www.europesays.com\/fr\/wp-json\/wp\/v2\/posts\/446418\/revisions"}],"wp:featuredmedia":[{"embeddable":true,"href":"https:\/\/www.europesays.com\/fr\/wp-json\/wp\/v2\/media\/446419"}],"wp:attachment":[{"href":"https:\/\/www.europesays.com\/fr\/wp-json\/wp\/v2\/media?parent=446418"}],"wp:term":[{"taxonomy":"category","embeddable":true,"href":"https:\/\/www.europesays.com\/fr\/wp-json\/wp\/v2\/categories?post=446418"},{"taxonomy":"post_tag","embeddable":true,"href":"https:\/\/www.europesays.com\/fr\/wp-json\/wp\/v2\/tags?post=446418"}],"curies":[{"name":"wp","href":"https:\/\/api.w.org\/{rel}","templated":true}]}}