{"id":446422,"date":"2025-10-08T02:31:12","date_gmt":"2025-10-08T02:31:12","guid":{"rendered":"https:\/\/www.europesays.com\/fr\/446422\/"},"modified":"2025-10-08T02:31:12","modified_gmt":"2025-10-08T02:31:12","slug":"elle-refuse-de-chanter-ces-tubes-sur-scene","status":"publish","type":"post","link":"https:\/\/www.europesays.com\/fr\/446422\/","title":{"rendered":"elle refuse de chanter ces tubes sur sc\u00e8ne"},"content":{"rendered":"<p>\n                Sheila n&rsquo;a jamais fait dans la langue de bois. Avec le franc-parler qui la caract\u00e9rise, la chanteuse de 80\u00a0ans a r\u00e9v\u00e9l\u00e9 \u00e0 \u00ab\u00a0France Inter\u00a0\u00bb que plusieurs de ses grandes chansons commen\u00e7aient \u00e0 l&rsquo;agacer s\u00e9rieusement&#8230;            <\/p>\n<p><a href=\"https:\/\/www.journaldesfemmes.fr\/people\/personnalites\/2839695-sheila-age-mari-ludovic\/\" title=\"Annie Chancel\" target=\"_blank\" rel=\"noopener\">Sheila<\/a> a d\u00e9j\u00e0 plus de 60 ans de carri\u00e8re au compteur et elle continue de se produire sur sc\u00e8ne. Mais la star des y\u00e9-y\u00e9 commence-t-elle \u00e0 se lasser de son m\u00e9tier ?\u00a0Elle a fait des confidences sans filtre au micro d&rsquo;un podcast de <a href=\"https:\/\/www.radiofrance.fr\/franceinter\/podcasts\/la-ballade\/la-ballade-du-samedi-27-septembre-2025-5547380\" target=\"_blank\" rel=\"noopener\">France Inter<\/a>&#8230;<\/p>\n<p>Sheila en a \u00ab\u00a0ras le pompon\u00a0\u00bb : ces chansons qu&rsquo;elle a ray\u00e9es de ses concerts<\/p>\n<p>L&rsquo;artiste s&rsquo;est fait conna\u00eetre du grand public dans les ann\u00e9es 60 et sa carri\u00e8re a pris un tournant majeur gr\u00e2ce \u00e0 ses tubes L&rsquo;\u00e9cole est finie ou encore Vous les copains, qui l&rsquo;ont propuls\u00e9e au rang de star. Mais aujourd&rsquo;hui, Sheila en a fait le tour.\u00a0Lasse de chanter ces titres \u00e0 chacun de ses concerts, elle a affirm\u00e9 que, d\u00e9sormais, elle avait choisi de s&rsquo;en passer, au grand dam de certains fans.<\/p>\n<p>\u00ab\u00a0L&rsquo;\u00e9cole est finie, Vous les copains, je ne les chante plus en concert, j&rsquo;en ai ras le pompon\u00a0\u00bb, a-t-elle affirm\u00e9 sans ambages avant de pr\u00e9ciser :\u00a0\u00ab\u00a0Mais j&rsquo;en chante d&rsquo;autres dont l&rsquo;orchestration a \u00e9t\u00e9 refaite, comme Les rois mages ou Bang Bang (reprise de Nancy Sinatra). Une chanson qui passe le temps peut toujours \u00eatre remani\u00e9e\u00a0\u00bb.<\/p>\n<p>Sheila, pr\u00eate \u00e0 prendre sa retraite ?\u00a0\u00ab\u00a0Je suis de plus en plus seule dans ce m\u00e9tier\u00a0\u00bb<\/p>\n<p>Mais n&rsquo;allez pas croire que la star de 80 ans compte tirer sa r\u00e9v\u00e9rence de sit\u00f4t ! \u00ab\u00a0J&rsquo;ai tellement de projets, de choses \u00e0 faire, que je m&rsquo;en fous des 8.0, \u00e0 vrai dire. (&#8230;) J&rsquo;ai la chance, merci Seigneur, de pouvoir chanter, danser, j&rsquo;ai la t\u00eate qui fuse tout le temps. J&rsquo;ai dix mille projets \u00e0 la seconde\u00a0! Ma vie ne sera pas assez longue pour faire tout ce que j&rsquo;ai envie de faire. Donc j&rsquo;en profite\u00a0\u00bb, a-t-elle r\u00e9cemment assur\u00e9 sur le plateau de l&rsquo;\u00e9mission Quelle \u00e9poque !.<\/p>\n<p>Elle donne d&rsquo;ailleurs une s\u00e9rie de concerts en France d\u00e8s l&rsquo;automne 2025 et jusqu&rsquo;en 2026. Mais si sa carri\u00e8re l&rsquo;\u00e9panouit, les ann\u00e9es passent et le quotidien devient de plus en plus difficile pour Sheila.\u00a0\u00ab\u00a0Malheureusement, chaque jour fait que j&rsquo;ai des amis qui partent. Je suis de plus en plus seule dans cette vie et dans ce m\u00e9tier\u00a0\u00bb, a regrett\u00e9 la chanteuse.<\/p>\n<p>La star fran\u00e7aise est toutefois ravie que des chanteuses comme <a href=\"https:\/\/www.journaldesfemmes.fr\/people\/personnalites\/3214626-clara-luciani-mariage-enfant-parents-maladie-tout-savoir\/\" title=\"Clara Luciani\" target=\"_blank\" rel=\"noopener\">Clara Luciani<\/a> ou Juliette Armanet marchent dans ses pas et elle ne souhaite surtout pas se morfondre.\u00a0\u00ab\u00a0Il\u00a0y a deux solutions\u00a0: soit tu te mets sur ton canap\u00e9, tu zappes et tu t&#8217;emmerdes, soit tu d\u00e9cides de vivre\u00a0\u00bb, a-t-elle l\u00e2ch\u00e9. Visiblement, celle qui a r\u00e9cemment sorti son 28e album A l&rsquo;avenir\u00a0a choisi la deuxi\u00e8me option !<\/p>\n","protected":false},"excerpt":{"rendered":"Sheila n&rsquo;a jamais fait dans la langue de bois. Avec le franc-parler qui la caract\u00e9rise, la chanteuse de&hellip;\n","protected":false},"author":2,"featured_media":446423,"comment_status":"","ping_status":"","sticky":false,"template":"","format":"standard","meta":{"footnotes":""},"categories":[1355],"tags":[3723,57256,51761,58,59,51763,1011,27,51766,1361,873,51767,10830],"class_list":{"0":"post-446422","1":"post","2":"type-post","3":"status-publish","4":"format-standard","5":"has-post-thumbnail","7":"category-musique","8":"tag-actus","9":"tag-cms-journaldesfemmes-3243542","10":"tag-controller-content","11":"tag-divertissement","12":"tag-entertainment","13":"tag-format-papier","14":"tag-fr","15":"tag-france","16":"tag-les-histoires-du-jdf","17":"tag-music","18":"tag-musique","19":"tag-parallaxeinfeed","20":"tag-sheila"},"share_on_mastodon":{"url":"https:\/\/pubeurope.com\/@fr\/115336202550120292","error":""},"_links":{"self":[{"href":"https:\/\/www.europesays.com\/fr\/wp-json\/wp\/v2\/posts\/446422","targetHints":{"allow":["GET"]}}],"collection":[{"href":"https:\/\/www.europesays.com\/fr\/wp-json\/wp\/v2\/posts"}],"about":[{"href":"https:\/\/www.europesays.com\/fr\/wp-json\/wp\/v2\/types\/post"}],"author":[{"embeddable":true,"href":"https:\/\/www.europesays.com\/fr\/wp-json\/wp\/v2\/users\/2"}],"replies":[{"embeddable":true,"href":"https:\/\/www.europesays.com\/fr\/wp-json\/wp\/v2\/comments?post=446422"}],"version-history":[{"count":0,"href":"https:\/\/www.europesays.com\/fr\/wp-json\/wp\/v2\/posts\/446422\/revisions"}],"wp:featuredmedia":[{"embeddable":true,"href":"https:\/\/www.europesays.com\/fr\/wp-json\/wp\/v2\/media\/446423"}],"wp:attachment":[{"href":"https:\/\/www.europesays.com\/fr\/wp-json\/wp\/v2\/media?parent=446422"}],"wp:term":[{"taxonomy":"category","embeddable":true,"href":"https:\/\/www.europesays.com\/fr\/wp-json\/wp\/v2\/categories?post=446422"},{"taxonomy":"post_tag","embeddable":true,"href":"https:\/\/www.europesays.com\/fr\/wp-json\/wp\/v2\/tags?post=446422"}],"curies":[{"name":"wp","href":"https:\/\/api.w.org\/{rel}","templated":true}]}}