{"id":446430,"date":"2025-10-08T02:35:12","date_gmt":"2025-10-08T02:35:12","guid":{"rendered":"https:\/\/www.europesays.com\/fr\/446430\/"},"modified":"2025-10-08T02:35:12","modified_gmt":"2025-10-08T02:35:12","slug":"charlotte-the-voice-kids-ce-quelle-va-faire-subir-a-son-visage-apres-son-combat-contre-le-cancer","status":"publish","type":"post","link":"https:\/\/www.europesays.com\/fr\/446430\/","title":{"rendered":"Charlotte (The Voice Kids) : ce qu&rsquo;elle va faire subir \u00e0 son visage apr\u00e8s son combat contre le cancer"},"content":{"rendered":"<p>      R\u00e9sum\u00e9<\/p>\n<p>Charlotte, gagnante de The Voice Kids, va subir plusieurs op\u00e9rations pour reconstruire son visage apr\u00e8s son combat contre un cancer ayant entra\u00een\u00e9 l&rsquo;ablation de sa m\u00e2choire.<\/p>\n<p>        Sommaire<\/p>\n<p>Si Charlotte vient de remporter <a href=\"https:\/\/www.public.fr\/marine-star-academy-tacle-patrick-fiori-en-pleine-finale-de-the-voice-kids\" target=\"_blank\" rel=\"noopener\">la finale<\/a> de <strong>The Voice Kids<\/strong>, les t\u00e9l\u00e9spectateurs de TF1 ne vont pas retrouver la jeune chanteuse sur la sc\u00e8ne m\u00e9diatique tout de suite. En effet, la prot\u00e9g\u00e9e de <a href=\"https:\/\/www.public.fr\/patrick-fiori-grosse-mesaventure-sur-une-route-corse-peu-frequentee\" target=\"_blank\" rel=\"noopener\">Patrick Fiori <\/a>va <strong>faire reconstruire son visage<\/strong> apr\u00e8s avoir lutt\u00e9 contre un cancer.\u00a0<\/p>\n<p>Dans les colonnes de T\u00e9l\u00e9-Loisirs, l\u2019\u00e9mouvante jeune fille qui a gagn\u00e9 la derni\u00e8re saison du <a href=\"https:\/\/www.public.fr\/the-voice-kids-ninon-sourde-de-naissance-va-chambouler-les-coachs-du-programme\" target=\"_blank\" rel=\"noopener\">t\u00e9l\u00e9crochet de TF1<\/a>, a accept\u00e9 d\u2019\u00e9voquer la maladie qu\u2019elle a combattue et la th\u00e9rapie qu\u2019elle va bient\u00f4t suivre afin de reconstruire son visage. \u00c0 cause du cancer, sa m\u00e2choire a notamment d\u00fb \u00eatre retir\u00e9e provocant un d\u00e9calage avec son visage\u2026 et de nombreuses moqueries\u2026<\/p>\n<p>15 mois de chimioth\u00e9rapie pour la gagnante de \u00ab\u00a0The Voice Kids\u00a0\u00bb<\/p>\n<p>En effet, apr\u00e8s avoir r\u00e9v\u00e9l\u00e9 \u00e0 quel point cette victoire dans <strong><a href=\"https:\/\/vsd.fr\/tag\/the-voice-kids\/\" target=\"_blank\" rel=\"noopener\">The Voice Kids<\/a> <\/strong>\u00e9tait \u00ab\u00a0une tr\u00e8s belle revanche\u00a0\u00bb pour Charlotte apr\u00e8s avoir v\u00e9cu <strong>\u00ab\u00a0des choses assez dures\u00a0\u00bb<\/strong>, la jeune chanteuse a souhait\u00e9 \u00e9voquer ses derni\u00e8res ann\u00e9es tr\u00e8s difficiles dans les colonnes de T\u00e9l\u00e9-Loisirs.\u00a0<\/p>\n<p>\u00ab\u00a0Je me suis battue et j&rsquo;en suis arriv\u00e9e l\u00e0&#8230; Je suis trop contente\u00a0\u00bb, indique celle qui se trouve en r\u00e9mission d&rsquo;un cancer de la base du cr\u00e2ne et de la gorge. Une maladie qui lui a fait perdre \u00ab\u00a0confiance en [elle]\u00a0\u00bb : \u00ab\u00a0parce qu&rsquo;on s&rsquo;est moqu\u00e9 de moi parce que j&rsquo;avais plus de cheveux, <strong>parce que j&rsquo;avais la m\u00e2choire d\u00e9cal\u00e9e\u00a0\u00bb.<\/strong><\/p>\n<p>Avant de participer \u00e0<strong> The Voice Kids<\/strong> et offrir une cinqui\u00e8me victoire \u00e0 Patrick Fiori, Charlotte a d\u00fb subir <strong>15 mois de chimioth\u00e9rapie<\/strong> et <strong>se faire enlever la m\u00e2choire<\/strong>. Heureusement, d\u2019ici quelques mois, les s\u00e9quelles de son cancer pourront, en partie, se faire gommer. En effet, elle va bient\u00f4t subir des interventions chirurgicales pour <strong>reconstruire son visage.<\/strong><\/p>\n<p>Charlotte va faire reconstruire son visage<\/p>\n<p>\u00ab\u00a0<strong>Il y a de la reconstruction de pr\u00e9vu<\/strong>. En juillet, je vais faire une op\u00e9ration qui va permettre de remettre en place mon menton align\u00e9 \u00e0 mon nez. C\u2019est une op\u00e9ration qui est tr\u00e8s longue parce qu&rsquo;ils doivent me prendre un os cr\u00e2nien\u00a0\u00bb, explique-t-elle \u00e0 T\u00e9l\u00e9-Loisirs.<\/p>\n<p>Avant de poursuivre : \u00ab\u00a0Apr\u00e8s quelques mois, quand je serai r\u00e9tablie, <strong>ils vont me faire une autre op\u00e9ration <\/strong>pour me prendre de la graisse quelque part et reboucher la sorte de trou que j&rsquo;ai dans la joue\u00a0\u00bb.<\/p>\n<p>Toutefois, en ce qui concerne sa cicatrice, la gagnante de <strong>The Voice Kid<\/strong>s estime qu\u2019il ne s\u2019agit pas d\u2019une priorit\u00e9 \u00e9tant donn\u00e9 que celle-ci ne la \u00ab\u00a0d\u00e9range pas parce qu&rsquo;il y a [ses] cheveux\u00a0\u00bb. Elle pr\u00e9f\u00e8re voir son visage \u00ab\u00a0droit\u00a0\u00bb avant toute chose.\u00a0<\/p>\n<p>      Mentionn\u00e9s dans cet article<\/p>\n<p>      Sur le m\u00eame sujet<\/p>\n","protected":false},"excerpt":{"rendered":"R\u00e9sum\u00e9 Charlotte, gagnante de The Voice Kids, va subir plusieurs op\u00e9rations pour reconstruire son visage apr\u00e8s son combat&hellip;\n","protected":false},"author":2,"featured_media":446431,"comment_status":"","ping_status":"","sticky":false,"template":"","format":"standard","meta":{"footnotes":""},"categories":[8],"tags":[101,58,59,1011,27,9644,199,10828],"class_list":{"0":"post-446430","1":"post","2":"type-post","3":"status-publish","4":"format-standard","5":"has-post-thumbnail","7":"category-divertissement","8":"tag-cancer","9":"tag-divertissement","10":"tag-entertainment","11":"tag-fr","12":"tag-france","13":"tag-patrick-fiori","14":"tag-tf1","15":"tag-the-voice-kids"},"share_on_mastodon":{"url":"https:\/\/pubeurope.com\/@fr\/115336218542461590","error":""},"_links":{"self":[{"href":"https:\/\/www.europesays.com\/fr\/wp-json\/wp\/v2\/posts\/446430","targetHints":{"allow":["GET"]}}],"collection":[{"href":"https:\/\/www.europesays.com\/fr\/wp-json\/wp\/v2\/posts"}],"about":[{"href":"https:\/\/www.europesays.com\/fr\/wp-json\/wp\/v2\/types\/post"}],"author":[{"embeddable":true,"href":"https:\/\/www.europesays.com\/fr\/wp-json\/wp\/v2\/users\/2"}],"replies":[{"embeddable":true,"href":"https:\/\/www.europesays.com\/fr\/wp-json\/wp\/v2\/comments?post=446430"}],"version-history":[{"count":0,"href":"https:\/\/www.europesays.com\/fr\/wp-json\/wp\/v2\/posts\/446430\/revisions"}],"wp:featuredmedia":[{"embeddable":true,"href":"https:\/\/www.europesays.com\/fr\/wp-json\/wp\/v2\/media\/446431"}],"wp:attachment":[{"href":"https:\/\/www.europesays.com\/fr\/wp-json\/wp\/v2\/media?parent=446430"}],"wp:term":[{"taxonomy":"category","embeddable":true,"href":"https:\/\/www.europesays.com\/fr\/wp-json\/wp\/v2\/categories?post=446430"},{"taxonomy":"post_tag","embeddable":true,"href":"https:\/\/www.europesays.com\/fr\/wp-json\/wp\/v2\/tags?post=446430"}],"curies":[{"name":"wp","href":"https:\/\/api.w.org\/{rel}","templated":true}]}}