{"id":446436,"date":"2025-10-08T02:38:11","date_gmt":"2025-10-08T02:38:11","guid":{"rendered":"https:\/\/www.europesays.com\/fr\/446436\/"},"modified":"2025-10-08T02:38:11","modified_gmt":"2025-10-08T02:38:11","slug":"canada-trump-aimable-avec-carney-noffre-pas-de-concessions-commerciales-concretes-actualites","status":"publish","type":"post","link":"https:\/\/www.europesays.com\/fr\/446436\/","title":{"rendered":"Canada: Trump, aimable avec Carney, n&rsquo;offre pas de concessions commerciales concr\u00e8tes : Actualit\u00e9s"},"content":{"rendered":"<p class=\"lead \">Donald Trump s&rsquo;est montr\u00e9 tr\u00e8s aimable mardi avec le Premier ministre canadien, Mark Carney, et a vant\u00e9 \u00ab\u00a0beaucoup de progr\u00e8s\u00a0\u00bb dans les difficiles discussions commerciales entre leurs deux pays, mais sans offrir de concessions concr\u00e8tes.<\/p>\n<p class=\"lead \">\u00ab\u00a0Je l&rsquo;ai bien aim\u00e9 d\u00e8s le d\u00e9part et nous avons une bonne relation. Nous avons un conflit commercial normal mais nous allons probablement r\u00e9gler cela\u00a0\u00bb, a dit le pr\u00e9sident am\u00e9ricain dans le Bureau ovale.<\/p>\n<p class=\"lead \">S&rsquo;il a abondamment compliment\u00e9 son invit\u00e9, le dirigeant r\u00e9publicain n&rsquo;a pu s&#8217;emp\u00eacher de plaisanter \u00e0 nouveau sur une \u00ab\u00a0fusion\u00a0\u00bb entre les deux pays, un sc\u00e9nario qu&rsquo;il a plusieurs fois \u00e9voqu\u00e9 et que Mark Carney rejette absolument.<\/p>\n<p class=\"lead \">\u00ab\u00a0Nous allons obtenir le bon accord\u00a0\u00bb pour le Canada, a dit le Premier ministre, alors que la guerre commerciale men\u00e9e par l&rsquo;administration Trump a profond\u00e9ment perturb\u00e9 les relations bilat\u00e9rales et fragilis\u00e9 l&rsquo;\u00e9conomie canadienne.<\/p>\n<p class=\"lead \">Un communiqu\u00e9 publi\u00e9 sur X apr\u00e8s la rencontre par Mark Carney souligne toutefois en creux l&rsquo;absence d&rsquo;engagement ferme de son h\u00f4te.<\/p>\n<p class=\"lead \">\u00ab\u00a0Le pr\u00e9sident Trump et moi savons qu&rsquo;il y a des domaines dans lesquels nos pays sont en concurrence et d&rsquo;autres dans lesquels nous serons plus forts ensemble\u00a0\u00bb, a-t-il \u00e9crit. \u00ab\u00a0Nous nous concentrons sur la mise en place de ces nouvelles opportunit\u00e9s.\u00a0\u00bb<\/p>\n<p class=\"lead \">Comme la plupart des dirigeants \u00e9trangers re\u00e7us par l&rsquo;impulsif Donald Trump, Mark Carney s&rsquo;est efforc\u00e9 de le mettre dans de bonnes dispositions. Et ce d\u00e8s son arriv\u00e9e \u00e0 la Maison Blanche, pour sa seconde visite depuis son \u00e9lection au printemps.<\/p>\n<p class=\"lead \">\u00ab\u00a0Je porte du rouge pour vous\u00a0\u00bb, a blagu\u00e9 le dirigeant canadien, qui arborait une cravate rouge, en serrant la main du pr\u00e9sident am\u00e9ricain, dont c&rsquo;est la couleur embl\u00e9matique.<\/p>\n<p class=\"lead \">&#8211; D\u00f4me d&rsquo;or &#8211;<\/p>\n<p class=\"lead \">Il a aussi qualifi\u00e9 Donald Trump de \u00ab\u00a0pr\u00e9sident transformateur\u00a0\u00bb, et lou\u00e9 ses efforts de m\u00e9diation dans plusieurs conflits, un sujet de pr\u00e9dilection du milliardaire r\u00e9publicain.<\/p>\n<p class=\"lead \">Le pr\u00e9sident am\u00e9ricain a assur\u00e9 que la discussion allait aussi porter sur le bouclier antimissile am\u00e9ricain, le \u00ab\u00a0d\u00f4me d&rsquo;or\u00a0\u00bb. La semaine derni\u00e8re, il avait dit que si le Canada devenait le 51\u00e8me Etat am\u00e9ricain, il \u00ab\u00a0obtiendrait gratuitement\u00a0\u00bb cette protection.<\/p>\n<p class=\"lead \">Contrairement \u00e0 d&rsquo;autres grands alli\u00e9s des \u00c9tats-Unis, dont l&rsquo;Union europ\u00e9enne, le Canada n&rsquo;a pas encore conclu d&rsquo;accord commercial global avec son voisin et principal partenaire \u00e9conomique. <\/p>\n<p class=\"lead \">L&rsquo;enjeu est de taille pour le pays, dont 75% des exportations partent vers son voisin du sud, et qui a vu son PIB reculer d&rsquo;environ 1,5% au deuxi\u00e8me trimestre.<\/p>\n<p class=\"lead \">En face, le pr\u00e9sident am\u00e9ricain s&rsquo;estime en position de force. Il a d\u00e9j\u00e0 impos\u00e9 des droits de douane aux secteurs canadiens du bois d&rsquo;\u0153uvre, de l&rsquo;aluminium, de l&rsquo;acier et de l&rsquo;automobile. Il a ajout\u00e9 lundi les poids lourds import\u00e9s aux \u00c9tats-Unis, tax\u00e9s \u00e0 hauteur de 25% d\u00e8s le 1er novembre. <\/p>\n<p class=\"lead \">Et si la grande majorit\u00e9 des \u00e9changes reste prot\u00e9g\u00e9e par l&rsquo;ACEUM &#8211; accord de libre-\u00e9change entre les \u00c9tats-Unis, le Canada et le Mexique &#8211; celui-ci doit faire l&rsquo;objet de nouvelles n\u00e9gociations prochainement et Donald Trump souhaite en revoir les termes pour favoriser davantage les industriels am\u00e9ricains.<\/p>\n<p class=\"lead \">&#8211; Pression sur Carney &#8211;<\/p>\n<p class=\"lead \">Dans ce contexte, l&rsquo;ancien banquier central Mark Carney fait face \u00e0 des critiques croissantes. Il a men\u00e9 campagne en expliquant que sa grande exp\u00e9rience de gestion des crises faisait de lui le candidat id\u00e9al pour d\u00e9fendre le Canada.<\/p>\n<p class=\"lead \">\u00ab\u00a0La pression monte pour au moins obtenir une baisse de certains droits de douane, comme ceux qui p\u00e8sent sur l&rsquo;acier et l&rsquo;aluminium\u00a0\u00bb, a expliqu\u00e9 Daniel B\u00e9land, politologue \u00e0 l&rsquo;Universit\u00e9 McGill de Montr\u00e9al, rappelant que le Premier ministre avait accept\u00e9 plusieurs concessions sans rien obtenir en retour pour l&rsquo;instant.<\/p>\n<p class=\"lead \">Fin juin, M. Carney avait en effet annul\u00e9 une taxe ciblant les g\u00e9ants technologiques am\u00e9ricains sous la pression de Donald Trump qui l&rsquo;avait jug\u00e9e \u00ab\u00a0scandaleuse\u00a0\u00bb. Il avait \u00e9galement lev\u00e9 une grande partie des droits de douane instaur\u00e9s par le pr\u00e9c\u00e9dent gouvernement.<\/p>\n<p class=\"lead \">L&rsquo;absence de r\u00e9action de Washington \u00e0 ces gestes d&rsquo;ouverture a suscit\u00e9 de vives critiques de l&rsquo;opposition au Canada.<\/p>\n<p class=\"lead \">\u00ab\u00a0Si vous ne revenez qu&rsquo;avec des excuses, des promesses bris\u00e9es et des s\u00e9ances de photos, vous aurez laiss\u00e9 tomber nos travailleurs, nos entreprises et notre pays\u00a0\u00bb, avait \u00e9crit lundi Pierre Poilievre, le chef de l&rsquo;opposition conservatrice, dans une lettre \u00e0 Mark Carney.<\/p>\n<p class=\"small font-weight-bold text-gray3 \"> publi\u00e9 le 8 octobre \u00e0 01h20, AFP<\/p>\n<p>                             Partager<\/p>\n","protected":false},"excerpt":{"rendered":"Donald Trump s&rsquo;est montr\u00e9 tr\u00e8s aimable mardi avec le Premier ministre canadien, Mark Carney, et a vant\u00e9 \u00ab\u00a0beaucoup&hellip;\n","protected":false},"author":2,"featured_media":446437,"comment_status":"","ping_status":"","sticky":false,"template":"","format":"standard","meta":{"footnotes":""},"categories":[5],"tags":[11,574,215,19711,312,2822,1011,27,14,12,308,28],"class_list":{"0":"post-446436","1":"post","2":"type-post","3":"status-publish","4":"format-standard","5":"has-post-thumbnail","7":"category-international","8":"tag-actualites","9":"tag-canada","10":"tag-commerce","11":"tag-dfense","12":"tag-diplomatie","13":"tag-douanes","14":"tag-fr","15":"tag-france","16":"tag-international","17":"tag-news","18":"tag-usa","19":"tag-world"},"share_on_mastodon":{"url":"https:\/\/pubeurope.com\/@fr\/115336230080923143","error":""},"_links":{"self":[{"href":"https:\/\/www.europesays.com\/fr\/wp-json\/wp\/v2\/posts\/446436","targetHints":{"allow":["GET"]}}],"collection":[{"href":"https:\/\/www.europesays.com\/fr\/wp-json\/wp\/v2\/posts"}],"about":[{"href":"https:\/\/www.europesays.com\/fr\/wp-json\/wp\/v2\/types\/post"}],"author":[{"embeddable":true,"href":"https:\/\/www.europesays.com\/fr\/wp-json\/wp\/v2\/users\/2"}],"replies":[{"embeddable":true,"href":"https:\/\/www.europesays.com\/fr\/wp-json\/wp\/v2\/comments?post=446436"}],"version-history":[{"count":0,"href":"https:\/\/www.europesays.com\/fr\/wp-json\/wp\/v2\/posts\/446436\/revisions"}],"wp:featuredmedia":[{"embeddable":true,"href":"https:\/\/www.europesays.com\/fr\/wp-json\/wp\/v2\/media\/446437"}],"wp:attachment":[{"href":"https:\/\/www.europesays.com\/fr\/wp-json\/wp\/v2\/media?parent=446436"}],"wp:term":[{"taxonomy":"category","embeddable":true,"href":"https:\/\/www.europesays.com\/fr\/wp-json\/wp\/v2\/categories?post=446436"},{"taxonomy":"post_tag","embeddable":true,"href":"https:\/\/www.europesays.com\/fr\/wp-json\/wp\/v2\/tags?post=446436"}],"curies":[{"name":"wp","href":"https:\/\/api.w.org\/{rel}","templated":true}]}}