{"id":446438,"date":"2025-10-08T02:39:12","date_gmt":"2025-10-08T02:39:12","guid":{"rendered":"https:\/\/www.europesays.com\/fr\/446438\/"},"modified":"2025-10-08T02:39:12","modified_gmt":"2025-10-08T02:39:12","slug":"une-dissolution-de-lassemblee-imminente-cet-indice-tend-a-le-confirmer","status":"publish","type":"post","link":"https:\/\/www.europesays.com\/fr\/446438\/","title":{"rendered":"Une dissolution de l\u2019Assembl\u00e9e imminente\u00a0? Cet indice tend \u00e0 le confirmer"},"content":{"rendered":"<p>        <img decoding=\"async\" loading=\"lazy\" src=\"https:\/\/www.europesays.com\/fr\/wp-content\/uploads\/2025\/10\/66d1cbd_upload-1-tqw4pkc25opn-afp-20250915-74kn2qa-v1-highres-frenchpresidentmacronattendsavideoconf.jpeg\"  width=\"728\" height=\"410\" alt=\"Pourquoi ces indices nourissent l\u2019hypoth\u00e8se d\u2019une dissolution imminente\"\/>  <\/p>\n<p>BENOIT TESSIER \/ AFP<\/p>\n<p>Pourquoi ces indices nourissent l\u2019hypoth\u00e8se d\u2019une dissolution imminente<\/p>\n<p class=\"asset asset-text\">POLITIQUE &#8211; Si le chef de l\u2019\u00c9tat souhaite appuyer sur le fameux bouton, il ne s\u2019y prendrait pas autrement. <a href=\"https:\/\/www.huffingtonpost.fr\/politique\/article\/emmanuel-macron-laisse-deux-jours-a-sebastien-lecornu-pour-tenter-de-refaire-un-gouvernement_255679.html\" target=\"_blank\" rel=\"noopener\">Emmanuel Macron<\/a> a re\u00e7u les pr\u00e9sidents du S\u00e9nat et de l\u2019Assembl\u00e9e cette apr\u00e8s-midi du mardi 7\u00a0octobre \u00e0 l\u2019\u00c9lys\u00e9e, selon les informations de plusieurs m\u00e9dias en fin de journ\u00e9e. Des consultations obligatoires selon l\u2019article\u00a012\u00a0de la Constitution, avant de proc\u00e9der \u00e0 <a href=\"https:\/\/www.huffingtonpost.fr\/politique\/article\/la-dissolution-ce-fantome-qui-reduit-la-marge-de-man-uvre-de-sebastien-lecornu-pour-le-budget_255513.html\" target=\"_blank\" rel=\"noopener\">une dissolution de l\u2019Assembl\u00e9e nationale.<\/a><\/p>\n<p class=\"asset asset-text\">Rien n\u2019a filtr\u00e9 pour l\u2019heure sur la teneur des discussions qu\u2019a pu avoir Emmanuel Macron avec G\u00e9rard Larcher et Ya\u00ebl Braun-Pivet. L\u2019entourage d\u2019Emmanuel Macron a pr\u00e9cis\u00e9 que ces entretiens avaient \u00e9t\u00e9 r\u00e9alis\u00e9s s\u00e9par\u00e9ment. Il n\u2019est pas incongru, en soi, de voir le pr\u00e9sident de la R\u00e9publique s\u2019entretenir avec le deuxi\u00e8me et le quatri\u00e8me personnage de l\u2019\u00c9tat dans <a href=\"https:\/\/www.huffingtonpost.fr\/politique\/article\/bruno-le-maire-raconte-son-depart-du-gouvernement-j-appelle-le-president-et-je-lui-dis-je-me-casse_255712.html\" target=\"_blank\" rel=\"noopener\">le contexte politique actuel &#8211; un brin particulier.<\/a><\/p>\n<p class=\"asset asset-text\">Il n\u2019emp\u00eache. Ces deux rencontres, dans le calendrier qui nous occupe, viennent nourrir l\u2019hypoth\u00e8se d\u2019une dissolution imminente. Le locataire de l\u2019\u00c9lys\u00e9e a effectivement donn\u00e9 un d\u00e9lai suppl\u00e9mentaire de quelques heures \u00e0 S\u00e9bastien Lecornu, jusqu\u2019\u00e0 mercredi soir, pour qu\u2019il trouve une plateforme politique susceptible de garantir une forme de stabilit\u00e9 institutionnelle. Sans quoi, le pr\u00e9sident \u00ab\u00a0prendra ses responsabilit\u00e9s\u00a0\u00bb, selon son entourage.<\/p>\n<p class=\"asset asset-text\">Est-ce \u00e0 dire convoquer des \u00e9lections l\u00e9gislatives anticip\u00e9es\u00a0? Et acc\u00e9der ainsi \u00e0 la revendication principale du Rassemblement national\u00a0? L\u2019option semble tenir la corde pour l\u2019instant, bien plus que la d\u00e9mission du chef de l\u2019\u00c9tat, comme le r\u00e9clame certains, ou la nomination d\u2019un Premier ministre de gauche, comme le souhaitent d\u2019autres. Selon Le Canard encha\u00een\u00e9, les pr\u00e9fets ont m\u00eame re\u00e7u comme consigne officieuse de se tenir pr\u00eats pour de nouvelles l\u00e9gislatives les 16 et 23\u00a0novembre.<\/p>\n<p class=\"asset asset-text\">Un coup de bluff de la part d\u2019Emmanuel Macron n\u2019est pas \u00e0 exclure non plus. Le pr\u00e9sident, qui n\u2019a toujours pas d\u00e9voil\u00e9 son jeu, pourrait effectivement laisser penser \u00e0 une dissolution imminente pour contraindre les partis qui n\u2019y sont pas favorables, LR ou le PS, \u00e0 s\u2019entendre.<\/p>\n<p class=\"asset asset-text\">Quoi qu\u2019il en soit, si Emmanuel Macron franchit le pas, il aura fait les choses dans les r\u00e8gles, cette fois-ci. On se souvient effectivement que Ya\u00ebl Braun-Pivet et G\u00e9rard Larcher n\u2019avaient pas \u00e9t\u00e9 \u00ab\u00a0consult\u00e9s\u00a0\u00bb \u00e0 proprement parler, mais \u00ab\u00a0inform\u00e9s\u00a0\u00bb par le pr\u00e9sident de la R\u00e9publique de son choix de dissoudre l\u2019Assembl\u00e9e nationale \u00e0 l\u2019\u00e9t\u00e9 2024. Une attitude qui avait <a href=\"https:\/\/www.huffingtonpost.fr\/politique\/article\/la-dissolution-de-l-assemblee-nationale-ne-plait-pas-a-yael-braun-pivet-sa-presidente-sortante_235242.html\" target=\"_blank\" rel=\"noopener\">chagrin\u00e9 les principaux int\u00e9ress\u00e9s<\/a>. Le pr\u00e9sident va donc s\u2019\u00e9viter ces critiques. Celles-ci seulement.<\/p>\n","protected":false},"excerpt":{"rendered":"BENOIT TESSIER \/ AFP Pourquoi ces indices nourissent l\u2019hypoth\u00e8se d\u2019une dissolution imminente POLITIQUE &#8211; Si le chef de&hellip;\n","protected":false},"author":2,"featured_media":446439,"comment_status":"","ping_status":"","sticky":false,"template":"","format":"standard","meta":{"footnotes":""},"categories":[4],"tags":[11,416,25020,1073,1011,27,32399,12,316,25,6385],"class_list":{"0":"post-446438","1":"post","2":"type-post","3":"status-publish","4":"format-standard","5":"has-post-thumbnail","7":"category-france","8":"tag-actualites","9":"tag-assemblee-nationale","10":"tag-dissolution","11":"tag-emmanuel-macron","12":"tag-fr","13":"tag-france","14":"tag-gerard-larcher","15":"tag-news","16":"tag-politique","17":"tag-republique-francaise","18":"tag-yael-braun-pivet"},"share_on_mastodon":{"url":"https:\/\/pubeurope.com\/@fr\/115336234050655972","error":""},"_links":{"self":[{"href":"https:\/\/www.europesays.com\/fr\/wp-json\/wp\/v2\/posts\/446438","targetHints":{"allow":["GET"]}}],"collection":[{"href":"https:\/\/www.europesays.com\/fr\/wp-json\/wp\/v2\/posts"}],"about":[{"href":"https:\/\/www.europesays.com\/fr\/wp-json\/wp\/v2\/types\/post"}],"author":[{"embeddable":true,"href":"https:\/\/www.europesays.com\/fr\/wp-json\/wp\/v2\/users\/2"}],"replies":[{"embeddable":true,"href":"https:\/\/www.europesays.com\/fr\/wp-json\/wp\/v2\/comments?post=446438"}],"version-history":[{"count":0,"href":"https:\/\/www.europesays.com\/fr\/wp-json\/wp\/v2\/posts\/446438\/revisions"}],"wp:featuredmedia":[{"embeddable":true,"href":"https:\/\/www.europesays.com\/fr\/wp-json\/wp\/v2\/media\/446439"}],"wp:attachment":[{"href":"https:\/\/www.europesays.com\/fr\/wp-json\/wp\/v2\/media?parent=446438"}],"wp:term":[{"taxonomy":"category","embeddable":true,"href":"https:\/\/www.europesays.com\/fr\/wp-json\/wp\/v2\/categories?post=446438"},{"taxonomy":"post_tag","embeddable":true,"href":"https:\/\/www.europesays.com\/fr\/wp-json\/wp\/v2\/tags?post=446438"}],"curies":[{"name":"wp","href":"https:\/\/api.w.org\/{rel}","templated":true}]}}