{"id":446457,"date":"2025-10-08T02:57:38","date_gmt":"2025-10-08T02:57:38","guid":{"rendered":"https:\/\/www.europesays.com\/fr\/446457\/"},"modified":"2025-10-08T02:57:38","modified_gmt":"2025-10-08T02:57:38","slug":"flottille-pour-gaza-la-deputee-de-rennes-marie-mesmeur-est-libre-elle-va-bien","status":"publish","type":"post","link":"https:\/\/www.europesays.com\/fr\/446457\/","title":{"rendered":"Flottille pour Gaza. La d\u00e9put\u00e9e de Rennes, Marie Mesmeur, est libre : \u00ab\u00a0Elle va bien\u00a0\u00bb"},"content":{"rendered":"<p>            Par<br \/>\n        <strong><br \/>\n            <a href=\"https:\/\/actu.fr\/auteur\/clemence-pays02-actu-fr\" title=\"Consulter tous les articles de Cl\u00e9mence Pays\" target=\"_blank\" rel=\"noopener\">Cl\u00e9mence Pays<\/a><br \/>\n        <\/strong><\/p>\n<p>        Publi\u00e9 le<\/p>\n<p>            7 oct. 2025 \u00e0 11h37        <\/p>\n<p>Bonne nouvelle pour l\u2019entourage de la <a href=\"https:\/\/actu.fr\/bretagne\/rennes_35238\/rennes-legislatives-2024-marie-mesmeur-elue-deputee-dans-la-1re-circonscription-d-ille-et-vilaine_61308741.html\" target=\"_blank\" rel=\"noopener\">d\u00e9put\u00e9e de la 1re circonscription d\u2019Ille-et-Vilaine<\/a>\u2009: <strong>Marie Mesmeur est libre.<\/strong> Cette information a \u00e9t\u00e9 partag\u00e9e par l\u2019\u00e9quipe de la Rennaise, sur X, lundi 6\u00a0octobre 2025.<\/p>\n<p class=\" wall-content\">La d\u00e9put\u00e9e LFI \u00e9tait en effet <a href=\"https:\/\/actu.fr\/bretagne\/rennes_35238\/flottille-pour-gaza-cette-deputee-de-rennes-en-prison-en-israel-on-ne-sait-pas-quand-elle-sera-liberee_63248150.html\" target=\"_blank\" rel=\"noopener\">d\u00e9tenue depuis mercredi 1er\u00a0octobre par Isra\u00ebl, alors qu\u2019elle se trouvait sur l\u2019un des navires de la Flottille pour Gaza<\/a>, intercept\u00e9 par l\u2019arm\u00e9e isra\u00e9lienne. Vendredi 3\u00a0octobre, <a href=\"https:\/\/actu.fr\/bretagne\/rennes_35238\/flottille-pour-gaza-arretee-et-detenue-par-israel-cette-deputee-de-rennes-entame-une-greve-de-la-faim_63255715.html\" target=\"_blank\" rel=\"noopener\">la femme politique avait annonc\u00e9 \u00e0 l\u2019ambassadeur de France entamer une gr\u00e8ve de la faim<\/a>.<\/p>\n<p class=\" wall-content\">\n<p>La communication encore difficile<\/p>\n<p class=\" wall-content\">Lundi, 31 Fran\u00e7ais, dont Marie Mesmeur, \u00ab\u2009ont pu quitter le territoire isra\u00e9lien\u2009\u00bb et ont \u00e9t\u00e9 <strong>accueillis en Gr\u00e8ce,<\/strong> \u00e0 Ath\u00e8nes dans l\u2019apr\u00e8s-midi, a indiqu\u00e9 le minist\u00e8re des Affaires \u00e9trang\u00e8res.<\/p>\n<p class=\" wall-content\">\n<blockquote class=\"ac-article-quote wall-content\">\n<p>J&rsquo;ai eu Marie [Mesmeur, N.D.L.R] tr\u00e8s rapidement au t\u00e9l\u00e9phone. Elle m&rsquo;a dit qu&rsquo;elle allait bien, mais elle n&rsquo;a pas eu le temps de d\u00e9tailler son \u00e9tat de sant\u00e9, ni de revenir sur ses conditions de d\u00e9tention. <\/p>\n<p>    <strong>Cassandre Bliot<\/strong><br \/>\n        Directrice de cabinet de Marie Mesmeur    <\/p><\/blockquote>\n<p class=\" wall-content\">En effet, pour les proches de la d\u00e9put\u00e9e, il est difficile d\u2019avoir des nouvelles. Alors que Marie Mesmeur \u00e9tait encore \u00e0 bord de la Flottille pour Gaza, elle avait indiqu\u00e9 <strong>jeter son t\u00e9l\u00e9phone \u00e0 l\u2019eau.<\/strong> D\u00e9sormais libre, <strong>\u00ab\u2009elle n\u2019a que les affaires qu\u2019Isra\u00ebl a bien voulu lui rendre\u2009\u00bb,<\/strong> d\u00e9taille Cassandre Bliot.<\/p>\n<p>Un retour en France \u00e0 venir<\/p>\n<p class=\" wall-content\">Le retour en France de Marie Mesmeur reste encore \u00e0 pr\u00e9ciser.\u00a0Ce retour doit se faire <strong>par avion,<\/strong> avec l\u2019ensemble des ressortissants fran\u00e7ais de la flottille. \u00ab\u2009Il faut donc le temps de trouver un avion qui permette de <strong>les accueillir tous en m\u00eame temps\u2009\u00bb,<\/strong> conclut Cassandre Bliot.<\/p>\n<p>Votre r\u00e9gion, votre actu !<\/p>\n<p>Recevez chaque jour les infos qui comptent pour vous.<\/p>\n<p>\t<a href=\"https:\/\/actu.fr\/newsletter\" class=\"ac-btn ac-btn--corner ac-btn--medium ac-btn--blue800\" target=\"_blank\" rel=\"noopener\">S&rsquo;incrire<\/a><\/p>\n<p class=\" wall-content\">Quelques minutes apr\u00e8s notre \u00e9change avec la directrice de cabinet de la d\u00e9put\u00e9e, Marie Mesmeur a diffus\u00e9 une vid\u00e9o sur Instagram, ce mardi 7 octobre, dans laquelle elle explique se trouver \u00e0 l\u2019a\u00e9roport, en Gr\u00e8ce. <strong>\u00ab\u00a0On part actuellement pour retourner \u00e0 Paris\u00a0\u00bb,<\/strong> annonce-t-elle.<\/p>\n<p class=\" wall-content\">Personnalisez votre actualit\u00e9 en ajoutant vos villes et m\u00e9dias en favori avec <a href=\"https:\/\/moncompte.actu.fr\" title=\"D\u00e9couvez Mon Actu\" rel=\"nofollow noopener\" data-trk=\"{&quot;cta&quot;:{&quot;action&quot;:&quot;https:\\\/\\\/moncompte.actu.fr&quot;,&quot;category&quot;:&quot;mon compte&quot;,&quot;from&quot;:&quot;article footer&quot;,&quot;name&quot;:&quot;Mon actu&quot;,&quot;type&quot;:&quot;cta&quot;}}\" target=\"_blank\">Mon Actu<\/a>.<\/p>\n","protected":false},"excerpt":{"rendered":"Par Cl\u00e9mence Pays Publi\u00e9 le 7 oct. 2025 \u00e0 11h37 Bonne nouvelle pour l\u2019entourage de la d\u00e9put\u00e9e de&hellip;\n","protected":false},"author":2,"featured_media":446458,"comment_status":"","ping_status":"","sticky":false,"template":"","format":"standard","meta":{"footnotes":""},"categories":[2821],"tags":[1111,11,829,1777,674,1011,27,665,5643,12,316,584,25],"class_list":{"0":"post-446457","1":"post","2":"type-post","3":"status-publish","4":"format-standard","5":"has-post-thumbnail","7":"category-rennes","8":"tag-actu","9":"tag-actualites","10":"tag-bretagne","11":"tag-eu","12":"tag-europe","13":"tag-fr","14":"tag-france","15":"tag-gaza","16":"tag-guerre-israel-hamas","17":"tag-news","18":"tag-politique","19":"tag-rennes","20":"tag-republique-francaise"},"share_on_mastodon":{"url":"https:\/\/pubeurope.com\/@fr\/115336304628657632","error":""},"_links":{"self":[{"href":"https:\/\/www.europesays.com\/fr\/wp-json\/wp\/v2\/posts\/446457","targetHints":{"allow":["GET"]}}],"collection":[{"href":"https:\/\/www.europesays.com\/fr\/wp-json\/wp\/v2\/posts"}],"about":[{"href":"https:\/\/www.europesays.com\/fr\/wp-json\/wp\/v2\/types\/post"}],"author":[{"embeddable":true,"href":"https:\/\/www.europesays.com\/fr\/wp-json\/wp\/v2\/users\/2"}],"replies":[{"embeddable":true,"href":"https:\/\/www.europesays.com\/fr\/wp-json\/wp\/v2\/comments?post=446457"}],"version-history":[{"count":0,"href":"https:\/\/www.europesays.com\/fr\/wp-json\/wp\/v2\/posts\/446457\/revisions"}],"wp:featuredmedia":[{"embeddable":true,"href":"https:\/\/www.europesays.com\/fr\/wp-json\/wp\/v2\/media\/446458"}],"wp:attachment":[{"href":"https:\/\/www.europesays.com\/fr\/wp-json\/wp\/v2\/media?parent=446457"}],"wp:term":[{"taxonomy":"category","embeddable":true,"href":"https:\/\/www.europesays.com\/fr\/wp-json\/wp\/v2\/categories?post=446457"},{"taxonomy":"post_tag","embeddable":true,"href":"https:\/\/www.europesays.com\/fr\/wp-json\/wp\/v2\/tags?post=446457"}],"curies":[{"name":"wp","href":"https:\/\/api.w.org\/{rel}","templated":true}]}}