{"id":446461,"date":"2025-10-08T02:59:11","date_gmt":"2025-10-08T02:59:11","guid":{"rendered":"https:\/\/www.europesays.com\/fr\/446461\/"},"modified":"2025-10-08T02:59:11","modified_gmt":"2025-10-08T02:59:11","slug":"previsions-du-mercredi-8-octobre-2025-15","status":"publish","type":"post","link":"https:\/\/www.europesays.com\/fr\/446461\/","title":{"rendered":"pr\u00e9visions du mercredi 8 octobre 2025"},"content":{"rendered":"<p class=\"mb-4 text-lg md:leading-8 break-words\"><strong>M\u00e9t\u00e9o &#8211; Le ciel va s&rsquo;\u00e9claircir au cours de la journ\u00e9e. Les temp\u00e9ratures seront de 13\u00b0C le matin et de 17\u00b0C l&rsquo;apr\u00e8s-midi&#8230;<\/strong><\/p>\n<p class=\"mb-4 text-lg md:leading-8 break-words\">\u00c0 Strasbourg les valeurs seront comprises entre 9 et 18\u00b0C pendant la journ\u00e9e. Une petite brise de nord-est soufflera. La m\u00e9t\u00e9o devrait s&rsquo;am\u00e9liorer durant la matin\u00e9e. Cet apr\u00e8s-midi sera synonyme de grand soleil. C&rsquo;est une hausse de quelques degr\u00e9s que vont conna\u00eetre les temp\u00e9ratures. Ces valeurs afficheront entre 15 et 18\u00b0C. Le ciel sera relativement lumineux, avec quelques \u00e9claircies le soir. Le thermom\u00e8tre affichera 14\u00b0C en moyenne. Durant la nuit de mercredi \u00e0 jeudi, le ciel sera limpide.<\/p>\n<p class=\"mb-4 text-lg md:leading-8 break-words\">Pour Strasbourg, un temps plus chaud est attendu demain puisque le mercure va enregistrer une augmentation. Il fera environ 15\u00b0C. Un l\u00e9ger vent de nord-est sera ressenti par les habitants. Le matin, toujours des nuages dans le ciel qui emp\u00eachent le soleil d&rsquo;appara\u00eetre. Des pluies \u00e9parses tomberont. La m\u00e9t\u00e9o va doucement s&rsquo;am\u00e9liorer dans l&rsquo;apr\u00e8s-midi et laisser place \u00e0 des \u00e9claircies. Les valeurs s&rsquo;\u00e9chelonneront entre 14\u00b0C et 18\u00b0C. Les temp\u00e9ratures tourneront autour des 12\u00b0C dans la soir\u00e9e.<\/p>\n<p class=\"mb-4 text-lg md:leading-8 break-words\">Peu de changements pour la suite. Le temps sera ensoleill\u00e9 avec des temp\u00e9ratures d&rsquo;environ 14\u00b0C.<\/p>\n<p class=\"mb-4 text-lg md:leading-8 break-words\"><a href=\"https:\/\/www.20minutes.fr\/planete\/previsions-meteo\/4177835-20251008-meteo-strasbourg-previsions-mercredi-8-octobre-2025?at_medium=RSS%20feed&amp;at_campaign=ynews&amp;utm_source=yahoo&amp;utm_medium=rss&amp;utm_campaign=news_feed&amp;utm_content=read_more_link&quot;\" rel=\"nofollow noopener\" target=\"_blank\" data-ylk=\"slk:Lire la suite sur 20minutes;elm:context_link;itc:0;sec:content-canvas\" class=\"link \">Lire la suite sur 20minutes<\/a><\/p>\n","protected":false},"excerpt":{"rendered":"M\u00e9t\u00e9o &#8211; Le ciel va s&rsquo;\u00e9claircir au cours de la journ\u00e9e. Les temp\u00e9ratures seront de 13\u00b0C le matin&hellip;\n","protected":false},"author":2,"featured_media":446462,"comment_status":"","ping_status":"","sticky":false,"template":"","format":"standard","meta":{"footnotes":""},"categories":[2820],"tags":[1111,11,1777,674,1011,27,775,51394,56028,44166,2487,12,25,640],"class_list":{"0":"post-446461","1":"post","2":"type-post","3":"status-publish","4":"format-standard","5":"has-post-thumbnail","7":"category-strasbourg","8":"tag-actu","9":"tag-actualites","10":"tag-eu","11":"tag-europe","12":"tag-fr","13":"tag-france","14":"tag-grand-est","15":"tag-la-matinee","16":"tag-la-meteo","17":"tag-le-matin","18":"tag-meteo","19":"tag-news","20":"tag-republique-francaise","21":"tag-strasbourg"},"share_on_mastodon":{"url":"https:\/\/pubeurope.com\/@fr\/115336312544625223","error":""},"_links":{"self":[{"href":"https:\/\/www.europesays.com\/fr\/wp-json\/wp\/v2\/posts\/446461","targetHints":{"allow":["GET"]}}],"collection":[{"href":"https:\/\/www.europesays.com\/fr\/wp-json\/wp\/v2\/posts"}],"about":[{"href":"https:\/\/www.europesays.com\/fr\/wp-json\/wp\/v2\/types\/post"}],"author":[{"embeddable":true,"href":"https:\/\/www.europesays.com\/fr\/wp-json\/wp\/v2\/users\/2"}],"replies":[{"embeddable":true,"href":"https:\/\/www.europesays.com\/fr\/wp-json\/wp\/v2\/comments?post=446461"}],"version-history":[{"count":0,"href":"https:\/\/www.europesays.com\/fr\/wp-json\/wp\/v2\/posts\/446461\/revisions"}],"wp:featuredmedia":[{"embeddable":true,"href":"https:\/\/www.europesays.com\/fr\/wp-json\/wp\/v2\/media\/446462"}],"wp:attachment":[{"href":"https:\/\/www.europesays.com\/fr\/wp-json\/wp\/v2\/media?parent=446461"}],"wp:term":[{"taxonomy":"category","embeddable":true,"href":"https:\/\/www.europesays.com\/fr\/wp-json\/wp\/v2\/categories?post=446461"},{"taxonomy":"post_tag","embeddable":true,"href":"https:\/\/www.europesays.com\/fr\/wp-json\/wp\/v2\/tags?post=446461"}],"curies":[{"name":"wp","href":"https:\/\/api.w.org\/{rel}","templated":true}]}}