{"id":446467,"date":"2025-10-08T03:03:22","date_gmt":"2025-10-08T03:03:22","guid":{"rendered":"https:\/\/www.europesays.com\/fr\/446467\/"},"modified":"2025-10-08T03:03:22","modified_gmt":"2025-10-08T03:03:22","slug":"nantes-un-homme-violemment-agresse-a-coups-de-couteau-et-de-hache-pres-dune-mosquee-une-personne-en-garde-a-vue","status":"publish","type":"post","link":"https:\/\/www.europesays.com\/fr\/446467\/","title":{"rendered":"Nantes\u00a0: un homme violemment agress\u00e9 \u00e0 coups de couteau et de hache pr\u00e8s d\u2019une mosqu\u00e9e, une personne en garde \u00e0 vue"},"content":{"rendered":"<p class=\"paragraph text_align_left lp-f-body-02\">Un homme d\u2019une cinquantaine d\u2019ann\u00e9es a \u00e9t\u00e9 violemment agress\u00e9, ce lundi soir, tout pr\u00e8s d\u2019une mosqu\u00e9e \u00e0 Nantes (<a href=\"https:\/\/www.leparisien.fr\/loire-atlantique-44\/\" target=\"_blank\" rel=\"noreferrer nofollow noopener\">Loire-Atlantique<\/a>) par plusieurs individus, a appris Le Parisien par le procureur de la R\u00e9publique, Antoine Leroy, confirmant <a href=\"https:\/\/www.francebleu.fr\/infos\/faits-divers-justice\/nantes-un-homme-agresse-devant-une-mosquee-une-personne-en-garde-a-vue-3265489\" target=\"_blank\" rel=\"noreferrer nofollow noopener\">une information d\u2019Ici Loire Oc\u00e9an<\/a>.<\/p>\n<p class=\"paragraph text_align_left lp-f-body-02\">Selon les premiers \u00e9l\u00e9ments de l\u2019enqu\u00eate, les faits se sont d\u00e9roul\u00e9s vers 21h10, \u00ab\u00a0\u00e0 600\u00a0m environ de la mosqu\u00e9e de Bellevue \u00e0 Nantes\u00a0\u00bb, indique le procureur. Un homme de 52\u00a0ans a re\u00e7u plusieurs coups \u00e0 l\u2019arri\u00e8re de la t\u00eate par deux hommes, qui ont utilis\u00e9 des couteaux et une hache, selon le magistrat. Un troisi\u00e8me homme, lui, a port\u00e9 des coups de batte de base-ball au niveau du bras de la victime.<\/p>\n<p>Les places dans l\u2019enceinte de la mosqu\u00e9e en cause<\/p>\n<p class=\"paragraph text_align_left lp-f-body-02\">Gri\u00e8vement bless\u00e9e, la victime a \u00e9t\u00e9 conduite au CHU de Nantes. \u00ab\u00a0Hors de danger\u00a0\u00bb, elle a pu \u00eatre entendue, a pr\u00e9cis\u00e9 le procureur de la R\u00e9publique. Un des trois individus a \u00e9t\u00e9 plac\u00e9 en garde \u00e0 vue, a indiqu\u00e9 Antoine Leroy. Les deux autres, eux, sont toujours recherch\u00e9s.<\/p>\n<p class=\"paragraph text_align_left lp-f-body-02\">Des t\u00e9moins ayant assist\u00e9 \u00e0 la sc\u00e8ne vont \u00eatre entendus par les policiers de la DCOS, la direction de la lutte contre la criminalit\u00e9 organis\u00e9e et la d\u00e9linquance sp\u00e9cialis\u00e9e, l\u2019ancienne police-judiciaire, en charge de l\u2019enqu\u00eate, ouverte par le parquet de Nantes pour \u00ab\u00a0tentative d\u2019homicide volontaire par arme blanche\u00a0\u00bb.<\/p>\n<p class=\"lp-card-podcast-highlighting__title  lp-f-subtitle-05\">[2\/2] Patrick Tissier\u00a0: le tueur qui a amen\u00e9 la France \u00e0 cr\u00e9er la \u00ab\u00a0perp\u00e9tuit\u00e9 r\u00e9elle\u00a0\u00bb<\/p>\n<p class=\"lp-card-podcast-highlighting__description lp-f-ui-05\">Crime story raconte chaque semaine les grandes affaires criminelles.<\/p>\n<p><a class=\"lp-card-podcast-highlighting__call-to-action\" data-page-type=\"HP\" data-block-name=\"podcast-highlight\">\u00c9couter<\/a><\/p>\n<p class=\"paragraph text_align_left lp-f-body-02\">Selon les premi\u00e8res investigations, et notamment l\u2019audition de la victime elle-m\u00eame, cette agression serait survenue dans le cadre \u00ab\u00a0d\u2019un conflit portant sur les places occup\u00e9es dans la mosqu\u00e9e, lors des pri\u00e8res, par chacun des protagonistes, tous \u00e9tant des fid\u00e8les de cette mosqu\u00e9e\u00a0\u00bb, a indiqu\u00e9 Antoine Leroy.<\/p>\n","protected":false},"excerpt":{"rendered":"Un homme d\u2019une cinquantaine d\u2019ann\u00e9es a \u00e9t\u00e9 violemment agress\u00e9, ce lundi soir, tout pr\u00e8s d\u2019une mosqu\u00e9e \u00e0 Nantes&hellip;\n","protected":false},"author":2,"featured_media":420238,"comment_status":"","ping_status":"","sticky":false,"template":"","format":"standard","meta":{"footnotes":""},"categories":[2818],"tags":[1111,11,459,1777,674,118,1011,27,766,12,2636,25],"class_list":{"0":"post-446467","1":"post","2":"type-post","3":"status-publish","4":"format-standard","5":"has-post-thumbnail","7":"category-nantes","8":"tag-actu","9":"tag-actualites","10":"tag-departements-horsidfo","11":"tag-eu","12":"tag-europe","13":"tag-faits-divers","14":"tag-fr","15":"tag-france","16":"tag-nantes","17":"tag-news","18":"tag-pays-de-la-loire","19":"tag-republique-francaise"},"share_on_mastodon":{"url":"https:\/\/pubeurope.com\/@fr\/115336328353672144","error":""},"_links":{"self":[{"href":"https:\/\/www.europesays.com\/fr\/wp-json\/wp\/v2\/posts\/446467","targetHints":{"allow":["GET"]}}],"collection":[{"href":"https:\/\/www.europesays.com\/fr\/wp-json\/wp\/v2\/posts"}],"about":[{"href":"https:\/\/www.europesays.com\/fr\/wp-json\/wp\/v2\/types\/post"}],"author":[{"embeddable":true,"href":"https:\/\/www.europesays.com\/fr\/wp-json\/wp\/v2\/users\/2"}],"replies":[{"embeddable":true,"href":"https:\/\/www.europesays.com\/fr\/wp-json\/wp\/v2\/comments?post=446467"}],"version-history":[{"count":0,"href":"https:\/\/www.europesays.com\/fr\/wp-json\/wp\/v2\/posts\/446467\/revisions"}],"wp:featuredmedia":[{"embeddable":true,"href":"https:\/\/www.europesays.com\/fr\/wp-json\/wp\/v2\/media\/420238"}],"wp:attachment":[{"href":"https:\/\/www.europesays.com\/fr\/wp-json\/wp\/v2\/media?parent=446467"}],"wp:term":[{"taxonomy":"category","embeddable":true,"href":"https:\/\/www.europesays.com\/fr\/wp-json\/wp\/v2\/categories?post=446467"},{"taxonomy":"post_tag","embeddable":true,"href":"https:\/\/www.europesays.com\/fr\/wp-json\/wp\/v2\/tags?post=446467"}],"curies":[{"name":"wp","href":"https:\/\/api.w.org\/{rel}","templated":true}]}}