{"id":446488,"date":"2025-10-08T03:16:31","date_gmt":"2025-10-08T03:16:31","guid":{"rendered":"https:\/\/www.europesays.com\/fr\/446488\/"},"modified":"2025-10-08T03:16:31","modified_gmt":"2025-10-08T03:16:31","slug":"ile-de-france-un-coup-de-frein-qui-inquiete-dans-lartisanat","status":"publish","type":"post","link":"https:\/\/www.europesays.com\/fr\/446488\/","title":{"rendered":"\u00cele-de-France : un \u00ab\u00a0coup de frein\u00a0\u00bb qui inqui\u00e8te dans l&rsquo;artisanat"},"content":{"rendered":"\n<p lang=\"fr-FR\" style=\"margin-bottom: 0cm;\">La chambre des m\u00e9tiers et de l&rsquo;artisanat r\u00e9gionale a publi\u00e9 il y a quelques jours \u00e0 peine son dernier barom\u00e8tre. L&rsquo;enqu\u00eate pointe 52 % d&rsquo;entreprises employeuses qui tablent sur une stabilit\u00e9 de leurs effectifs dans les mois qui viennent. C&rsquo;est 10 points de moins qu&rsquo;en mars. Quant \u00e0 la part de dirigeants qui anticipent une diminution de leurs effectifs, elle a progress\u00e9 de 7 points. Enfin, 17% des entreprises ayant d\u00e9j\u00e0 des salari\u00e9s pr\u00e9voient, eux, une diminution de leurs effectifs. On compte seulement 28% d&rsquo;artisans optimistes sur l&rsquo;avenir de leur entreprise. C&rsquo;est 6 points de plus qu&rsquo;en mars.<\/p>\n<p lang=\"fr-FR\" style=\"margin-bottom: 0cm;\">\u00a0<\/p>\n<p lang=\"fr-FR\" style=\"margin-bottom: 0cm;\">Nicolas Chacun<\/p>\n<p>!function(f,b,e,v,n,t,s){if(f.fbq)return;n=f.fbq=function(){n.callMethod?<br \/>\nn.callMethod.apply(n,arguments):n.queue.push(arguments)};if(!f._fbq)f._fbq=n;<br \/>\nn.push=n;n.loaded=!0;n.version=&rsquo;2.0&prime;;n.queue=[];t=b.createElement(e);t.async=!0;<br \/>\nt.src=v;s=b.getElementsByTagName(e)[0];s.parentNode.insertBefore(t,s)}(window,<br \/>\ndocument,&rsquo;script&rsquo;,&rsquo;https:\/\/connect.facebook.net\/en_US\/fbevents.js&rsquo;);<br \/>\nfbq(&lsquo;init&rsquo;, &lsquo;278974969201861&rsquo;); \/\/ Insert your pixel ID here.<br \/>\nfbq(&lsquo;track&rsquo;, &lsquo;PageView&rsquo;);<\/p>\n","protected":false},"excerpt":{"rendered":"La chambre des m\u00e9tiers et de l&rsquo;artisanat r\u00e9gionale a publi\u00e9 il y a quelques jours \u00e0 peine son&hellip;\n","protected":false},"author":2,"featured_media":446489,"comment_status":"","ping_status":"","sticky":false,"template":"","format":"standard","meta":{"footnotes":""},"categories":[1592],"tags":[1111,11,1933,1936,1777,1939,674,1011,27,662,1934,12,1940,626,1935,25,1937,1941,1938],"class_list":{"0":"post-446488","1":"post","2":"type-post","3":"status-publish","4":"format-standard","5":"has-post-thumbnail","7":"category-ile-de-france","8":"tag-actu","9":"tag-actualites","10":"tag-actualites-locales","11":"tag-essonne","12":"tag-eu","13":"tag-eure-et-loir","14":"tag-europe","15":"tag-fr","16":"tag-france","17":"tag-ile-de-france","18":"tag-infos-locales","19":"tag-news","20":"tag-oise","21":"tag-paris","22":"tag-pres-de-chez-vous","23":"tag-republique-francaise","24":"tag-seine-et-marne","25":"tag-somme","26":"tag-yvelines"},"share_on_mastodon":{"url":"https:\/\/pubeurope.com\/@fr\/115336379359407099","error":""},"_links":{"self":[{"href":"https:\/\/www.europesays.com\/fr\/wp-json\/wp\/v2\/posts\/446488","targetHints":{"allow":["GET"]}}],"collection":[{"href":"https:\/\/www.europesays.com\/fr\/wp-json\/wp\/v2\/posts"}],"about":[{"href":"https:\/\/www.europesays.com\/fr\/wp-json\/wp\/v2\/types\/post"}],"author":[{"embeddable":true,"href":"https:\/\/www.europesays.com\/fr\/wp-json\/wp\/v2\/users\/2"}],"replies":[{"embeddable":true,"href":"https:\/\/www.europesays.com\/fr\/wp-json\/wp\/v2\/comments?post=446488"}],"version-history":[{"count":0,"href":"https:\/\/www.europesays.com\/fr\/wp-json\/wp\/v2\/posts\/446488\/revisions"}],"wp:featuredmedia":[{"embeddable":true,"href":"https:\/\/www.europesays.com\/fr\/wp-json\/wp\/v2\/media\/446489"}],"wp:attachment":[{"href":"https:\/\/www.europesays.com\/fr\/wp-json\/wp\/v2\/media?parent=446488"}],"wp:term":[{"taxonomy":"category","embeddable":true,"href":"https:\/\/www.europesays.com\/fr\/wp-json\/wp\/v2\/categories?post=446488"},{"taxonomy":"post_tag","embeddable":true,"href":"https:\/\/www.europesays.com\/fr\/wp-json\/wp\/v2\/tags?post=446488"}],"curies":[{"name":"wp","href":"https:\/\/api.w.org\/{rel}","templated":true}]}}