{"id":446490,"date":"2025-10-08T03:17:12","date_gmt":"2025-10-08T03:17:12","guid":{"rendered":"https:\/\/www.europesays.com\/fr\/446490\/"},"modified":"2025-10-08T03:17:12","modified_gmt":"2025-10-08T03:17:12","slug":"le-paris-fc-craque-en-deuxieme-periode","status":"publish","type":"post","link":"https:\/\/www.europesays.com\/fr\/446490\/","title":{"rendered":"Le Paris FC craque en deuxi\u00e8me p\u00e9riode"},"content":{"rendered":"<p class=\"date\">\n                                                            Juba Touabi, Media365, publi\u00e9 le mardi 07 octobre 2025 \u00e0 23h15\n                                                    <\/p>\n<p>Le Paris FC a laiss\u00e9 filer deux points pr\u00e9cieux (2-2) ce mardi soir au stade Charl\u00e9ty pour son entr\u00e9e en lice dans la Ligue des champions f\u00e9minine. Les Parisiennes ont \u00e9t\u00e9 renvers\u00e9es par une \u00e9quipe de Louvain plus entreprenante apr\u00e8s la pause.<\/p>\n<p>Tout avait pourtant parfaitement commenc\u00e9 pour les Parisiennes. D\u00e8s la 3e minute, Daphn\u00e9 Corboz a ouvert le score d&rsquo;une frappe crois\u00e9e. Vingt minutes plus tard, c&rsquo;est cette m\u00eame Clara Mateo, intenable sur son aile gauche, a doubl\u00e9 la mise (23e) d&rsquo;un tir pr\u00e9cis. Ma\u00eetresses du jeu, les Parisiennes ont atteint la pause avec deux buts d&rsquo;avance et le sentiment du devoir accompli. Mais le retour des vestiaires a chang\u00e9 la donne. \u00a0Plus agressives et mieux organis\u00e9es, les Belges ont r\u00e9duit l&rsquo;\u00e9cart d\u00e8s la 47e minute gr\u00e2ce \u00e0 Kim Everaerts, opportuniste dans la surface. Le doute s&rsquo;est install\u00e9 c\u00f4t\u00e9 parisien, et l&rsquo;\u00e9galisation a fini par tomber \u00e0 l&rsquo;heure de jeu : Sara Pusztai a \u00e9galis\u00e9 pour les visiteuses (62e).<\/p>\n<p>Marques sauve le PFC en fin de match<\/p>\n<p>Le Paris FC a tent\u00e9 de r\u00e9agir, notamment par Mateo et Garbino, sans retrouver son tranchant du premier acte. En face, Louvain aurait m\u00eame pu l&#8217;emporter dans les arr\u00eats de jeu : De Ceuster, seule face \u00e0 la gardienne, a vu sa frappe repouss\u00e9e par Marques (90+2). Ce match nul (2-2) laisse un go\u00fbt amer au Paris FC, qui devra rapidement corriger le tir avant son prochain rendez-vous europ\u00e9en. Les joueuses de Soubeyrand ont appris, \u00e0 leurs d\u00e9pens, qu&rsquo;une mi-temps de ma\u00eetrise ne suffit pas \u00e0 ce niveau.<\/p>\n","protected":false},"excerpt":{"rendered":"Juba Touabi, Media365, publi\u00e9 le mardi 07 octobre 2025 \u00e0 23h15 Le Paris FC a laiss\u00e9 filer deux&hellip;\n","protected":false},"author":2,"featured_media":446491,"comment_status":"","ping_status":"","sticky":false,"template":"","format":"standard","meta":{"footnotes":""},"categories":[1888],"tags":[1111,1928,11,1927,1777,674,1011,27,12,1926,626,1925,25],"class_list":{"0":"post-446490","1":"post","2":"type-post","3":"status-publish","4":"format-standard","5":"has-post-thumbnail","7":"category-paris","8":"tag-actu","9":"tag-actu-paris","10":"tag-actualites","11":"tag-actualites-paris","12":"tag-eu","13":"tag-europe","14":"tag-fr","15":"tag-france","16":"tag-news","17":"tag-news-paris","18":"tag-paris","19":"tag-paris-news","20":"tag-republique-francaise"},"share_on_mastodon":{"url":"https:\/\/pubeurope.com\/@fr\/115336383380537167","error":""},"_links":{"self":[{"href":"https:\/\/www.europesays.com\/fr\/wp-json\/wp\/v2\/posts\/446490","targetHints":{"allow":["GET"]}}],"collection":[{"href":"https:\/\/www.europesays.com\/fr\/wp-json\/wp\/v2\/posts"}],"about":[{"href":"https:\/\/www.europesays.com\/fr\/wp-json\/wp\/v2\/types\/post"}],"author":[{"embeddable":true,"href":"https:\/\/www.europesays.com\/fr\/wp-json\/wp\/v2\/users\/2"}],"replies":[{"embeddable":true,"href":"https:\/\/www.europesays.com\/fr\/wp-json\/wp\/v2\/comments?post=446490"}],"version-history":[{"count":0,"href":"https:\/\/www.europesays.com\/fr\/wp-json\/wp\/v2\/posts\/446490\/revisions"}],"wp:featuredmedia":[{"embeddable":true,"href":"https:\/\/www.europesays.com\/fr\/wp-json\/wp\/v2\/media\/446491"}],"wp:attachment":[{"href":"https:\/\/www.europesays.com\/fr\/wp-json\/wp\/v2\/media?parent=446490"}],"wp:term":[{"taxonomy":"category","embeddable":true,"href":"https:\/\/www.europesays.com\/fr\/wp-json\/wp\/v2\/categories?post=446490"},{"taxonomy":"post_tag","embeddable":true,"href":"https:\/\/www.europesays.com\/fr\/wp-json\/wp\/v2\/tags?post=446490"}],"curies":[{"name":"wp","href":"https:\/\/api.w.org\/{rel}","templated":true}]}}